{"id":952,"date":"2023-06-19T14:24:13","date_gmt":"2023-06-19T14:24:13","guid":{"rendered":"https:\/\/djimavic.fi\/?p=952"},"modified":"2023-06-19T14:28:04","modified_gmt":"2023-06-19T14:28:04","slug":"komendantinmaen-linnoitukset","status":"publish","type":"post","link":"https:\/\/djimavic.fi\/index.php\/2023\/06\/19\/komendantinmaen-linnoitukset\/","title":{"rendered":"Komendantinm\u00e4en linnoitukset"},"content":{"rendered":"\n<p><strong>T\u00e4n\u00e4\u00e4n oli vuorossa M\u00e4kkyl\u00e4n Komendantinm\u00e4en linnoitukset Lepp\u00e4vaaran kaupunginosassa Espoossa, jotka ovat ensimm\u00e4isen maailmansodan ajalta.<\/strong><\/p>\n\n\n\n<p>Yl\u00f6s kallionlaelle Komendantinm\u00e4en linnoituksille kulkee Ven\u00e4j\u00e4n vallan aikaan rakennettu mukulakivitie.<\/p>\n\n\n\n<p>Peruskallioon louhitut Komendantinm\u00e4en rinteess\u00e4 sijaitsevat varastoluolat on kaikki t\u00f6hritty paikallisten pussikaljakakaroiden toimesta.<\/p>\n\n\n\n<p>Komendantinm\u00e4en kallioisessa maastossa on lukuisia rakennelmia ja vallihautoja, sek\u00e4 joitain peruskallioon louhittuja varastoluolia ja onkaloita.<\/p>\n\n\n\n<p>M\u00e4kkyl\u00e4n Komendantinm\u00e4ell\u00e4 oli vuosina 1951\u20131957 suuri romanileiri, jossa asui enimmill\u00e4\u00e4n pari sataa ihmist\u00e4. Komendantinm\u00e4en laella on kiveen kiinnitetty muistolaatta, josta kuva alla.<\/p>\n\n\n\n<p>Laatassa lukee: &#8220;T\u00e4\u00e4ll\u00e4 oli 1950- luvulla yhteiskunnan tuen ulkopuolelle j\u00e4\u00e4nyt romanileiri.&#8221;<\/p>\n\n\n\n<p>Nyky\u00e4\u00e4n Espoon metsiss\u00e4 asuu kantasuomalaisia yhteiskunnan tuen ulkopuolelle syrj\u00e4ytettyj\u00e4 ihmisi\u00e4, etup\u00e4\u00e4ss\u00e4 eroperheiden asunnottomiksi j\u00e4tettyj\u00e4 isi\u00e4 jotka on asennevammaisten sosiaaliviranomaisten ja Espoon k\u00e4r\u00e4j\u00e4kallion tuomareiden toimesta syrj\u00e4ytetty perhe-el\u00e4m\u00e4st\u00e4 lastensa kanssa.<\/p>\n\n\n\n<p>Kaksi ensimm\u00e4ist\u00e4 kuvaa on 360 asteen panoraamakuvia, joista ensimm\u00e4inen on alueen kokonaiskuva 50- metrin korkeudelta. Toinen kuva on kallion laelta maanpinnasta noin 3- metrin korkeudelta kiven edest\u00e4, johon on kiinnitetty sotilaspoikien ja lottien muistomerkki.<\/p>\n\n\n\n<p>M\u00e4kkyl\u00e4n mustalaisleirin muistolaatta sijaitsee noin 10- metrin et\u00e4isyydell\u00e4 sotilaspoikien ja lottien muistomerkist\u00e4.<\/p>\n\n\n\n<p>Maastoon louhitut vallihaudat, bunkkerit ja muut rakennelmat peittyy puuston alle ilmakuvissa.<\/p>\n\n\n\n<figure style=\"width:1000px;height:500px\" class=\"wp-block-algori-360-image-block-algori-360-image alignundefined\"><a-scene loading-screen=\"enabled: false;\" device-orientation-permission-ui=\"enabled: false\" embedded=\"\"><a-entity camera=\"\" look-controls=\"reverseMouseDrag: true\"><\/a-entity><a-sky src=\"https:\/\/djimavic.fi\/wp-content\/uploads\/2023\/06\/DJI_1.jpg\"><\/a-sky><\/a-scene><\/figure>\n\n\n\n<p>360 asteen panoraamakuvat aukeaa suuremmiksi ja tarkemmiksi klikkaamalla <strong>VR<\/strong>&#8211; painiketta<\/p>\n\n\n\n<figure style=\"width:1000px;height:500px\" class=\"wp-block-algori-360-image-block-algori-360-image alignundefined\"><a-scene loading-screen=\"enabled: false;\" device-orientation-permission-ui=\"enabled: false\" embedded=\"\"><a-entity camera=\"\" look-controls=\"reverseMouseDrag: true\"><\/a-entity><a-sky src=\"https:\/\/djimavic.fi\/wp-content\/uploads\/2023\/06\/DJI_2-1.jpg\"><\/a-sky><\/a-scene><\/figure>\n\n\n\n<p>360 asteen panoraamakuvat aukeaa suuremmiksi ja tarkemmiksi klikkaamalla <strong>VR<\/strong>&#8211; painiketta<\/p>\n\n\n\n<figure class=\"wp-block-image size-large\"><img loading=\"lazy\" decoding=\"async\" width=\"1024\" height=\"577\" src=\"https:\/\/djimavic.fi\/wp-content\/uploads\/2023\/06\/Kuva_1-1024x577.jpg\" alt=\"\" class=\"wp-image-957\" srcset=\"https:\/\/djimavic.fi\/wp-content\/uploads\/2023\/06\/Kuva_1-1024x577.jpg 1024w, https:\/\/djimavic.fi\/wp-content\/uploads\/2023\/06\/Kuva_1-300x169.jpg 300w, https:\/\/djimavic.fi\/wp-content\/uploads\/2023\/06\/Kuva_1-768x433.jpg 768w, https:\/\/djimavic.fi\/wp-content\/uploads\/2023\/06\/Kuva_1-421x237.jpg 421w, https:\/\/djimavic.fi\/wp-content\/uploads\/2023\/06\/Kuva_1.jpg 1200w\" sizes=\"auto, (max-width: 1024px) 100vw, 1024px\" \/><figcaption class=\"wp-element-caption\">Ven\u00e4j\u00e4n vallan aikaan rakennettu mukulakivitie<\/figcaption><\/figure>\n\n\n\n<figure class=\"wp-block-image size-large\"><img loading=\"lazy\" decoding=\"async\" width=\"1024\" height=\"577\" src=\"https:\/\/djimavic.fi\/wp-content\/uploads\/2023\/06\/Laatta_3-1024x577.jpg\" alt=\"\" class=\"wp-image-958\" srcset=\"https:\/\/djimavic.fi\/wp-content\/uploads\/2023\/06\/Laatta_3-1024x577.jpg 1024w, https:\/\/djimavic.fi\/wp-content\/uploads\/2023\/06\/Laatta_3-300x169.jpg 300w, https:\/\/djimavic.fi\/wp-content\/uploads\/2023\/06\/Laatta_3-768x433.jpg 768w, https:\/\/djimavic.fi\/wp-content\/uploads\/2023\/06\/Laatta_3-421x237.jpg 421w, https:\/\/djimavic.fi\/wp-content\/uploads\/2023\/06\/Laatta_3.jpg 1200w\" sizes=\"auto, (max-width: 1024px) 100vw, 1024px\" \/><figcaption class=\"wp-element-caption\">Romanileirin muistolaatta<\/figcaption><\/figure>\n\n\n\n<p>M\u00e4kkyl\u00e4n\u00a0mustalaisleiri:\u00a0<a href=\"https:\/\/fi.wikipedia.org\/wiki\/M\u00e4kkyl\u00e4n_mustalaisleiri\">WikipediA<\/a><\/p>\n\n\n\n<figure class=\"wp-block-image size-large\"><img loading=\"lazy\" decoding=\"async\" width=\"1024\" height=\"577\" src=\"https:\/\/djimavic.fi\/wp-content\/uploads\/2023\/06\/Laatta_2-1024x577.jpg\" alt=\"\" class=\"wp-image-959\" srcset=\"https:\/\/djimavic.fi\/wp-content\/uploads\/2023\/06\/Laatta_2-1024x577.jpg 1024w, https:\/\/djimavic.fi\/wp-content\/uploads\/2023\/06\/Laatta_2-300x169.jpg 300w, https:\/\/djimavic.fi\/wp-content\/uploads\/2023\/06\/Laatta_2-768x433.jpg 768w, https:\/\/djimavic.fi\/wp-content\/uploads\/2023\/06\/Laatta_2-421x237.jpg 421w, https:\/\/djimavic.fi\/wp-content\/uploads\/2023\/06\/Laatta_2.jpg 1200w\" sizes=\"auto, (max-width: 1024px) 100vw, 1024px\" \/><figcaption class=\"wp-element-caption\">Sotilaspoikien ja lottien muistomerkki<\/figcaption><\/figure>\n\n\n\n<figure class=\"wp-block-image size-large\"><img loading=\"lazy\" decoding=\"async\" width=\"1024\" height=\"577\" src=\"https:\/\/djimavic.fi\/wp-content\/uploads\/2023\/06\/Laatta_1-1024x577.jpg\" alt=\"\" class=\"wp-image-960\" srcset=\"https:\/\/djimavic.fi\/wp-content\/uploads\/2023\/06\/Laatta_1-1024x577.jpg 1024w, https:\/\/djimavic.fi\/wp-content\/uploads\/2023\/06\/Laatta_1-300x169.jpg 300w, https:\/\/djimavic.fi\/wp-content\/uploads\/2023\/06\/Laatta_1-768x433.jpg 768w, https:\/\/djimavic.fi\/wp-content\/uploads\/2023\/06\/Laatta_1-421x237.jpg 421w, https:\/\/djimavic.fi\/wp-content\/uploads\/2023\/06\/Laatta_1.jpg 1200w\" sizes=\"auto, (max-width: 1024px) 100vw, 1024px\" \/><figcaption class=\"wp-element-caption\">Sotilaspoikien ja lottien muistomerkki<\/figcaption><\/figure>\n\n\n\n<figure class=\"wp-block-image size-large\"><img loading=\"lazy\" decoding=\"async\" width=\"1024\" height=\"577\" src=\"https:\/\/djimavic.fi\/wp-content\/uploads\/2023\/06\/Kuva_2-1024x577.jpg\" alt=\"\" class=\"wp-image-961\" srcset=\"https:\/\/djimavic.fi\/wp-content\/uploads\/2023\/06\/Kuva_2-1024x577.jpg 1024w, https:\/\/djimavic.fi\/wp-content\/uploads\/2023\/06\/Kuva_2-300x169.jpg 300w, https:\/\/djimavic.fi\/wp-content\/uploads\/2023\/06\/Kuva_2-768x433.jpg 768w, https:\/\/djimavic.fi\/wp-content\/uploads\/2023\/06\/Kuva_2-421x237.jpg 421w, https:\/\/djimavic.fi\/wp-content\/uploads\/2023\/06\/Kuva_2.jpg 1200w\" sizes=\"auto, (max-width: 1024px) 100vw, 1024px\" \/><figcaption class=\"wp-element-caption\">Kuva kallion laelta<\/figcaption><\/figure>\n\n\n\n<figure class=\"wp-block-image size-large\"><img loading=\"lazy\" decoding=\"async\" width=\"1024\" height=\"577\" src=\"https:\/\/djimavic.fi\/wp-content\/uploads\/2023\/06\/Kuva_3-1024x577.jpg\" alt=\"\" class=\"wp-image-962\" srcset=\"https:\/\/djimavic.fi\/wp-content\/uploads\/2023\/06\/Kuva_3-1024x577.jpg 1024w, https:\/\/djimavic.fi\/wp-content\/uploads\/2023\/06\/Kuva_3-300x169.jpg 300w, https:\/\/djimavic.fi\/wp-content\/uploads\/2023\/06\/Kuva_3-768x433.jpg 768w, https:\/\/djimavic.fi\/wp-content\/uploads\/2023\/06\/Kuva_3-421x237.jpg 421w, https:\/\/djimavic.fi\/wp-content\/uploads\/2023\/06\/Kuva_3.jpg 1200w\" sizes=\"auto, (max-width: 1024px) 100vw, 1024px\" \/><figcaption class=\"wp-element-caption\">Jotain vanhaa<\/figcaption><\/figure>\n\n\n\n<figure class=\"wp-block-image size-large\"><img loading=\"lazy\" decoding=\"async\" width=\"1024\" height=\"577\" src=\"https:\/\/djimavic.fi\/wp-content\/uploads\/2023\/06\/Kuva_4-1024x577.jpg\" alt=\"\" class=\"wp-image-963\" srcset=\"https:\/\/djimavic.fi\/wp-content\/uploads\/2023\/06\/Kuva_4-1024x577.jpg 1024w, https:\/\/djimavic.fi\/wp-content\/uploads\/2023\/06\/Kuva_4-300x169.jpg 300w, https:\/\/djimavic.fi\/wp-content\/uploads\/2023\/06\/Kuva_4-768x433.jpg 768w, https:\/\/djimavic.fi\/wp-content\/uploads\/2023\/06\/Kuva_4-421x237.jpg 421w, https:\/\/djimavic.fi\/wp-content\/uploads\/2023\/06\/Kuva_4.jpg 1200w\" sizes=\"auto, (max-width: 1024px) 100vw, 1024px\" \/><figcaption class=\"wp-element-caption\">Bunkkeri rakennelmia<\/figcaption><\/figure>\n\n\n\n<figure class=\"wp-block-image size-large\"><img loading=\"lazy\" decoding=\"async\" width=\"1024\" height=\"577\" src=\"https:\/\/djimavic.fi\/wp-content\/uploads\/2023\/06\/Kuva_5-1024x577.jpg\" alt=\"\" class=\"wp-image-964\" srcset=\"https:\/\/djimavic.fi\/wp-content\/uploads\/2023\/06\/Kuva_5-1024x577.jpg 1024w, https:\/\/djimavic.fi\/wp-content\/uploads\/2023\/06\/Kuva_5-300x169.jpg 300w, https:\/\/djimavic.fi\/wp-content\/uploads\/2023\/06\/Kuva_5-768x433.jpg 768w, https:\/\/djimavic.fi\/wp-content\/uploads\/2023\/06\/Kuva_5-421x237.jpg 421w, https:\/\/djimavic.fi\/wp-content\/uploads\/2023\/06\/Kuva_5.jpg 1200w\" sizes=\"auto, (max-width: 1024px) 100vw, 1024px\" \/><figcaption class=\"wp-element-caption\">Varastoluolan suuaukko (Kuva 1\/2<\/figcaption><\/figure>\n\n\n\n<figure class=\"wp-block-image size-large\"><img loading=\"lazy\" decoding=\"async\" width=\"1024\" height=\"577\" src=\"https:\/\/djimavic.fi\/wp-content\/uploads\/2023\/06\/Kuva_6-1024x577.jpg\" alt=\"\" class=\"wp-image-965\" srcset=\"https:\/\/djimavic.fi\/wp-content\/uploads\/2023\/06\/Kuva_6-1024x577.jpg 1024w, https:\/\/djimavic.fi\/wp-content\/uploads\/2023\/06\/Kuva_6-300x169.jpg 300w, https:\/\/djimavic.fi\/wp-content\/uploads\/2023\/06\/Kuva_6-768x433.jpg 768w, https:\/\/djimavic.fi\/wp-content\/uploads\/2023\/06\/Kuva_6-421x237.jpg 421w, https:\/\/djimavic.fi\/wp-content\/uploads\/2023\/06\/Kuva_6.jpg 1200w\" sizes=\"auto, (max-width: 1024px) 100vw, 1024px\" \/><figcaption class=\"wp-element-caption\">Kuva varastoluolan sis\u00e4lt\u00e4<\/figcaption><\/figure>\n\n\n\n<figure class=\"wp-block-image size-large\"><img loading=\"lazy\" decoding=\"async\" width=\"1024\" height=\"577\" src=\"https:\/\/djimavic.fi\/wp-content\/uploads\/2023\/06\/Kuva_7-1024x577.jpg\" alt=\"\" class=\"wp-image-966\" srcset=\"https:\/\/djimavic.fi\/wp-content\/uploads\/2023\/06\/Kuva_7-1024x577.jpg 1024w, https:\/\/djimavic.fi\/wp-content\/uploads\/2023\/06\/Kuva_7-300x169.jpg 300w, https:\/\/djimavic.fi\/wp-content\/uploads\/2023\/06\/Kuva_7-768x433.jpg 768w, https:\/\/djimavic.fi\/wp-content\/uploads\/2023\/06\/Kuva_7-421x237.jpg 421w, https:\/\/djimavic.fi\/wp-content\/uploads\/2023\/06\/Kuva_7.jpg 1200w\" sizes=\"auto, (max-width: 1024px) 100vw, 1024px\" \/><figcaption class=\"wp-element-caption\">Kuva varastoluolan sis\u00e4lt\u00e4<\/figcaption><\/figure>\n\n\n\n<figure class=\"wp-block-image size-large\"><img loading=\"lazy\" decoding=\"async\" width=\"1024\" height=\"577\" src=\"https:\/\/djimavic.fi\/wp-content\/uploads\/2023\/06\/Kuva_8-1024x577.jpg\" alt=\"\" class=\"wp-image-967\" srcset=\"https:\/\/djimavic.fi\/wp-content\/uploads\/2023\/06\/Kuva_8-1024x577.jpg 1024w, https:\/\/djimavic.fi\/wp-content\/uploads\/2023\/06\/Kuva_8-300x169.jpg 300w, https:\/\/djimavic.fi\/wp-content\/uploads\/2023\/06\/Kuva_8-768x433.jpg 768w, https:\/\/djimavic.fi\/wp-content\/uploads\/2023\/06\/Kuva_8-421x237.jpg 421w, https:\/\/djimavic.fi\/wp-content\/uploads\/2023\/06\/Kuva_8.jpg 1200w\" sizes=\"auto, (max-width: 1024px) 100vw, 1024px\" \/><figcaption class=\"wp-element-caption\">Kuva varastoluolan sis\u00e4lt\u00e4<\/figcaption><\/figure>\n\n\n\n<figure class=\"wp-block-image size-large\"><img loading=\"lazy\" decoding=\"async\" width=\"1024\" height=\"577\" src=\"https:\/\/djimavic.fi\/wp-content\/uploads\/2023\/06\/Kuva_9-1024x577.jpg\" alt=\"\" class=\"wp-image-968\" srcset=\"https:\/\/djimavic.fi\/wp-content\/uploads\/2023\/06\/Kuva_9-1024x577.jpg 1024w, https:\/\/djimavic.fi\/wp-content\/uploads\/2023\/06\/Kuva_9-300x169.jpg 300w, https:\/\/djimavic.fi\/wp-content\/uploads\/2023\/06\/Kuva_9-768x433.jpg 768w, https:\/\/djimavic.fi\/wp-content\/uploads\/2023\/06\/Kuva_9-421x237.jpg 421w, https:\/\/djimavic.fi\/wp-content\/uploads\/2023\/06\/Kuva_9.jpg 1200w\" sizes=\"auto, (max-width: 1024px) 100vw, 1024px\" \/><figcaption class=\"wp-element-caption\">Kuva varastoluolan sis\u00e4lt\u00e4<\/figcaption><\/figure>\n\n\n\n<figure class=\"wp-block-image size-large\"><img loading=\"lazy\" decoding=\"async\" width=\"1024\" height=\"577\" src=\"https:\/\/djimavic.fi\/wp-content\/uploads\/2023\/06\/Kuva_10-1024x577.jpg\" alt=\"\" class=\"wp-image-969\" srcset=\"https:\/\/djimavic.fi\/wp-content\/uploads\/2023\/06\/Kuva_10-1024x577.jpg 1024w, https:\/\/djimavic.fi\/wp-content\/uploads\/2023\/06\/Kuva_10-300x169.jpg 300w, https:\/\/djimavic.fi\/wp-content\/uploads\/2023\/06\/Kuva_10-768x433.jpg 768w, https:\/\/djimavic.fi\/wp-content\/uploads\/2023\/06\/Kuva_10-421x237.jpg 421w, https:\/\/djimavic.fi\/wp-content\/uploads\/2023\/06\/Kuva_10.jpg 1200w\" sizes=\"auto, (max-width: 1024px) 100vw, 1024px\" \/><figcaption class=\"wp-element-caption\">Varastoluolan suuaukko (Kuva 2\/2<\/figcaption><\/figure>\n\n\n\n<figure class=\"wp-block-image size-large\"><img loading=\"lazy\" decoding=\"async\" width=\"1024\" height=\"577\" src=\"https:\/\/djimavic.fi\/wp-content\/uploads\/2023\/06\/Kuva_12-1024x577.jpg\" alt=\"\" class=\"wp-image-970\" srcset=\"https:\/\/djimavic.fi\/wp-content\/uploads\/2023\/06\/Kuva_12-1024x577.jpg 1024w, https:\/\/djimavic.fi\/wp-content\/uploads\/2023\/06\/Kuva_12-300x169.jpg 300w, https:\/\/djimavic.fi\/wp-content\/uploads\/2023\/06\/Kuva_12-768x433.jpg 768w, https:\/\/djimavic.fi\/wp-content\/uploads\/2023\/06\/Kuva_12-421x237.jpg 421w, https:\/\/djimavic.fi\/wp-content\/uploads\/2023\/06\/Kuva_12.jpg 1200w\" sizes=\"auto, (max-width: 1024px) 100vw, 1024px\" \/><figcaption class=\"wp-element-caption\">Toisen varastoluolan suuaukko<\/figcaption><\/figure>\n\n\n\n<figure class=\"wp-block-image size-large\"><img loading=\"lazy\" decoding=\"async\" width=\"1024\" height=\"577\" src=\"https:\/\/djimavic.fi\/wp-content\/uploads\/2023\/06\/Kuva_13-1024x577.jpg\" alt=\"\" class=\"wp-image-971\" srcset=\"https:\/\/djimavic.fi\/wp-content\/uploads\/2023\/06\/Kuva_13-1024x577.jpg 1024w, https:\/\/djimavic.fi\/wp-content\/uploads\/2023\/06\/Kuva_13-300x169.jpg 300w, https:\/\/djimavic.fi\/wp-content\/uploads\/2023\/06\/Kuva_13-768x433.jpg 768w, https:\/\/djimavic.fi\/wp-content\/uploads\/2023\/06\/Kuva_13-421x237.jpg 421w, https:\/\/djimavic.fi\/wp-content\/uploads\/2023\/06\/Kuva_13.jpg 1200w\" sizes=\"auto, (max-width: 1024px) 100vw, 1024px\" \/><figcaption class=\"wp-element-caption\">Kuva ovesta<\/figcaption><\/figure>\n\n\n\n<figure class=\"wp-block-image size-large\"><img loading=\"lazy\" decoding=\"async\" width=\"1024\" height=\"577\" src=\"https:\/\/djimavic.fi\/wp-content\/uploads\/2023\/06\/Kuva_14-1024x577.jpg\" alt=\"\" class=\"wp-image-972\" srcset=\"https:\/\/djimavic.fi\/wp-content\/uploads\/2023\/06\/Kuva_14-1024x577.jpg 1024w, https:\/\/djimavic.fi\/wp-content\/uploads\/2023\/06\/Kuva_14-300x169.jpg 300w, https:\/\/djimavic.fi\/wp-content\/uploads\/2023\/06\/Kuva_14-768x433.jpg 768w, https:\/\/djimavic.fi\/wp-content\/uploads\/2023\/06\/Kuva_14-421x237.jpg 421w, https:\/\/djimavic.fi\/wp-content\/uploads\/2023\/06\/Kuva_14.jpg 1200w\" sizes=\"auto, (max-width: 1024px) 100vw, 1024px\" \/><figcaption class=\"wp-element-caption\">Kuva ovesta<\/figcaption><\/figure>\n\n\n\n<figure class=\"wp-block-image size-large\"><img loading=\"lazy\" decoding=\"async\" width=\"1024\" height=\"577\" src=\"https:\/\/djimavic.fi\/wp-content\/uploads\/2023\/06\/Kuva_15-1024x577.jpg\" alt=\"\" class=\"wp-image-973\" srcset=\"https:\/\/djimavic.fi\/wp-content\/uploads\/2023\/06\/Kuva_15-1024x577.jpg 1024w, https:\/\/djimavic.fi\/wp-content\/uploads\/2023\/06\/Kuva_15-300x169.jpg 300w, https:\/\/djimavic.fi\/wp-content\/uploads\/2023\/06\/Kuva_15-768x433.jpg 768w, https:\/\/djimavic.fi\/wp-content\/uploads\/2023\/06\/Kuva_15-421x237.jpg 421w, https:\/\/djimavic.fi\/wp-content\/uploads\/2023\/06\/Kuva_15.jpg 1200w\" sizes=\"auto, (max-width: 1024px) 100vw, 1024px\" \/><figcaption class=\"wp-element-caption\">Kuva toisen varastoluolan sis\u00e4lt\u00e4<\/figcaption><\/figure>\n\n\n\n<figure class=\"wp-block-image size-large\"><img loading=\"lazy\" decoding=\"async\" width=\"1024\" height=\"577\" src=\"https:\/\/djimavic.fi\/wp-content\/uploads\/2023\/06\/Kuva_16-1024x577.jpg\" alt=\"\" class=\"wp-image-974\" srcset=\"https:\/\/djimavic.fi\/wp-content\/uploads\/2023\/06\/Kuva_16-1024x577.jpg 1024w, https:\/\/djimavic.fi\/wp-content\/uploads\/2023\/06\/Kuva_16-300x169.jpg 300w, https:\/\/djimavic.fi\/wp-content\/uploads\/2023\/06\/Kuva_16-768x433.jpg 768w, https:\/\/djimavic.fi\/wp-content\/uploads\/2023\/06\/Kuva_16-421x237.jpg 421w, https:\/\/djimavic.fi\/wp-content\/uploads\/2023\/06\/Kuva_16.jpg 1200w\" sizes=\"auto, (max-width: 1024px) 100vw, 1024px\" \/><figcaption class=\"wp-element-caption\">Kuva toisen varastoluolan sis\u00e4lt\u00e4<\/figcaption><\/figure>\n\n\n\n<figure class=\"wp-block-image size-large\"><img loading=\"lazy\" decoding=\"async\" width=\"1024\" height=\"577\" src=\"https:\/\/djimavic.fi\/wp-content\/uploads\/2023\/06\/Kuva_17-1024x577.jpg\" alt=\"\" class=\"wp-image-975\" srcset=\"https:\/\/djimavic.fi\/wp-content\/uploads\/2023\/06\/Kuva_17-1024x577.jpg 1024w, https:\/\/djimavic.fi\/wp-content\/uploads\/2023\/06\/Kuva_17-300x169.jpg 300w, https:\/\/djimavic.fi\/wp-content\/uploads\/2023\/06\/Kuva_17-768x433.jpg 768w, https:\/\/djimavic.fi\/wp-content\/uploads\/2023\/06\/Kuva_17-421x237.jpg 421w, https:\/\/djimavic.fi\/wp-content\/uploads\/2023\/06\/Kuva_17.jpg 1200w\" sizes=\"auto, (max-width: 1024px) 100vw, 1024px\" \/><figcaption class=\"wp-element-caption\">Kuva toisen varastoluolan sis\u00e4lt\u00e4<\/figcaption><\/figure>\n\n\n\n<figure class=\"wp-block-image size-large\"><img loading=\"lazy\" decoding=\"async\" width=\"1024\" height=\"577\" src=\"https:\/\/djimavic.fi\/wp-content\/uploads\/2023\/06\/Kuva_18-1024x577.jpg\" alt=\"\" class=\"wp-image-976\" srcset=\"https:\/\/djimavic.fi\/wp-content\/uploads\/2023\/06\/Kuva_18-1024x577.jpg 1024w, https:\/\/djimavic.fi\/wp-content\/uploads\/2023\/06\/Kuva_18-300x169.jpg 300w, https:\/\/djimavic.fi\/wp-content\/uploads\/2023\/06\/Kuva_18-768x433.jpg 768w, https:\/\/djimavic.fi\/wp-content\/uploads\/2023\/06\/Kuva_18-421x237.jpg 421w, https:\/\/djimavic.fi\/wp-content\/uploads\/2023\/06\/Kuva_18.jpg 1200w\" sizes=\"auto, (max-width: 1024px) 100vw, 1024px\" \/><figcaption class=\"wp-element-caption\">Kuva toisen varastoluolan sis\u00e4lt\u00e4<\/figcaption><\/figure>\n\n\n\n<p><\/p>\n\n\n\n<figure class=\"wp-block-image size-full\"><img loading=\"lazy\" decoding=\"async\" width=\"80\" height=\"109\" src=\"https:\/\/djimavic.fi\/wp-content\/uploads\/2022\/02\/Kortit.jpg\" alt=\"\" class=\"wp-image-423\"\/><\/figure>\n\n\n\n<p><\/p>\n\n\n\n<p>YT<\/p>\n\n\n\n<p>Ari Savolainen<\/p>\n","protected":false},"excerpt":{"rendered":"<p>T\u00e4n\u00e4\u00e4n oli vuorossa M\u00e4kkyl\u00e4n Komendantinm\u00e4en linnoitukset Lepp\u00e4vaaran kaupunginosassa Espoossa, jotka ovat ensimm\u00e4isen maailmansodan ajalta. Yl\u00f6s kallionlaelle Komendantinm\u00e4en linnoituksille kulkee Ven\u00e4j\u00e4n vallan aikaan rakennettu mukulakivitie. Peruskallioon &hellip;<\/p>\n","protected":false},"author":1,"featured_media":0,"comment_status":"closed","ping_status":"closed","sticky":false,"template":"","format":"standard","meta":{"footnotes":""},"categories":[1],"tags":[],"class_list":["post-952","post","type-post","status-publish","format-standard","hentry","category-mavic"],"_links":{"self":[{"href":"https:\/\/djimavic.fi\/index.php\/wp-json\/wp\/v2\/posts\/952","targetHints":{"allow":["GET"]}}],"collection":[{"href":"https:\/\/djimavic.fi\/index.php\/wp-json\/wp\/v2\/posts"}],"about":[{"href":"https:\/\/djimavic.fi\/index.php\/wp-json\/wp\/v2\/types\/post"}],"author":[{"embeddable":true,"href":"https:\/\/djimavic.fi\/index.php\/wp-json\/wp\/v2\/users\/1"}],"replies":[{"embeddable":true,"href":"https:\/\/djimavic.fi\/index.php\/wp-json\/wp\/v2\/comments?post=952"}],"version-history":[{"count":4,"href":"https:\/\/djimavic.fi\/index.php\/wp-json\/wp\/v2\/posts\/952\/revisions"}],"predecessor-version":[{"id":1032,"href":"https:\/\/djimavic.fi\/index.php\/wp-json\/wp\/v2\/posts\/952\/revisions\/1032"}],"wp:attachment":[{"href":"https:\/\/djimavic.fi\/index.php\/wp-json\/wp\/v2\/media?parent=952"}],"wp:term":[{"taxonomy":"category","embeddable":true,"href":"https:\/\/djimavic.fi\/index.php\/wp-json\/wp\/v2\/categories?post=952"},{"taxonomy":"post_tag","embeddable":true,"href":"https:\/\/djimavic.fi\/index.php\/wp-json\/wp\/v2\/tags?post=952"}],"curies":[{"name":"wp","href":"https:\/\/api.w.org\/{rel}","templated":true}]}}