{"id":929,"date":"2023-06-17T09:30:16","date_gmt":"2023-06-17T09:30:16","guid":{"rendered":"https:\/\/djimavic.fi\/?p=929"},"modified":"2024-06-20T12:33:22","modified_gmt":"2024-06-20T12:33:22","slug":"taivaskallion-tykkipatterit","status":"publish","type":"post","link":"https:\/\/djimavic.fi\/index.php\/2023\/06\/17\/taivaskallion-tykkipatterit\/","title":{"rendered":"Taivaskallion tykkipatterit"},"content":{"rendered":"\n<p>Helsingin K\u00e4pyl\u00e4ss\u00e4 taivaskalliolla oli vuosina 1939\u201344 raskas ilmatorjuntapatteri, kutsumanimelt\u00e4 &#8220;taivas&#8221;.<\/p>\n\n\n\n<p>Taivaskallion p\u00e4\u00e4ll\u00e4 on useita vanhoja hyvin s\u00e4ilyneit\u00e4 ilmatorjunta-asemia sek\u00e4 yksi deaktivoitu 76-millinen ruotsalainen Bofors ilmatorjuntatykki.<\/p>\n\n\n\n<p>360 kuva alueelta on t\u00e4n\u00e4\u00e4n aamup\u00e4iv\u00e4ll\u00e4 luotu, sek\u00e4 video alueen ymp\u00e4rilennosta mavic 2 pro dronella, joka ottaa huikeita kuvia ja videoita.<\/p>\n\n\n\n<p>Rekister\u00f6in t\u00e4m\u00e4nkin &#8220;SIL16&#8221; kuvauslennon ilmailuliiton silmari-rekisteriin. Olin ainoa ihminen koko alueella, mik\u00e4 oli harvinaista koska alue on koiran ulkoiluttajien ja lenkkeilij\u00f6iden suosima.<\/p>\n\n\n\n<p>Vastaavanlaisia kulttuurihistoriaisesti merkitt\u00e4vi\u00e4 kuvauskohteita on p\u00e4\u00e4kaupunkiseudulla runsaasti, joita aion t\u00e4n\u00e4 kes\u00e4n\u00e4 kiert\u00e4\u00e4 katsomassa ja kuvaamassa kuten t\u00e4m\u00e4nkin kohteen: 360 kuva ja kierros yl\u00e4ilmoissa kohteen ymp\u00e4rill\u00e4.<\/p>\n\n\n\n<iframe loading=\"lazy\" src=\"https:\/\/vk.com\/video_ext.php?oid=836175557&#038;id=456239072&#038;hd=2\" width=\"853\" height=\"480\" allow=\"autoplay; encrypted-media; fullscreen; picture-in-picture; screen-wake-lock;\" frameborder=\"0\" allowfullscreen><\/iframe>\n\n\n\n<p>Alla on 360 panoraamakuva jonka saa VR- painikkeesta suuremmaksi<\/p>\n\n\n\n<figure style=\"width:1000px;height:500px\" class=\"wp-block-algori-360-image-block-algori-360-image alignundefined\"><a-scene loading-screen=\"enabled: false;\" device-orientation-permission-ui=\"enabled: false\" embedded=\"\"><a-entity camera=\"\" look-controls=\"reverseMouseDrag: true\"><\/a-entity><a-sky src=\"https:\/\/djimavic.fi\/wp-content\/uploads\/2023\/06\/Taivaskallio.jpg\"><\/a-sky><\/a-scene><\/figure>\n\n\n\n<p>Taivaskalliolla oleva Bofors 76 mm:n ilmatorjuntatykki jonka bunkkeri on t\u00f6herretty paikallisten kakaroiden toimesta.<\/p>\n\n\n\n<p>Toisessa kuvassa sama tykki ilman t\u00f6herryksi\u00e4, jotka poistin kuvan j\u00e4lkituotannossa Adobe Photoshopin kloonaavalla leimasimella, joka&nbsp;on ty\u00f6l\u00e4s tapa entis\u00f6id\u00e4 valokuvia.<\/p>\n\n\n\n<figure class=\"wp-block-image size-large\"><img loading=\"lazy\" decoding=\"async\" width=\"1024\" height=\"576\" src=\"https:\/\/djimavic.fi\/wp-content\/uploads\/2023\/06\/Tykki-1-1-1024x576.jpg\" alt=\"\" class=\"wp-image-936\" srcset=\"https:\/\/djimavic.fi\/wp-content\/uploads\/2023\/06\/Tykki-1-1-1024x576.jpg 1024w, https:\/\/djimavic.fi\/wp-content\/uploads\/2023\/06\/Tykki-1-1-300x169.jpg 300w, https:\/\/djimavic.fi\/wp-content\/uploads\/2023\/06\/Tykki-1-1-768x432.jpg 768w, https:\/\/djimavic.fi\/wp-content\/uploads\/2023\/06\/Tykki-1-1-1536x864.jpg 1536w, https:\/\/djimavic.fi\/wp-content\/uploads\/2023\/06\/Tykki-1-1-421x237.jpg 421w, https:\/\/djimavic.fi\/wp-content\/uploads\/2023\/06\/Tykki-1-1.jpg 1600w\" sizes=\"auto, (max-width: 1024px) 100vw, 1024px\" \/><figcaption class=\"wp-element-caption\">Mavic 2 Pro<\/figcaption><\/figure>\n\n\n\n<figure class=\"wp-block-image size-large\"><img loading=\"lazy\" decoding=\"async\" width=\"1024\" height=\"576\" src=\"https:\/\/djimavic.fi\/wp-content\/uploads\/2023\/06\/Siivottu-1024x576.jpg\" alt=\"\" class=\"wp-image-937\" srcset=\"https:\/\/djimavic.fi\/wp-content\/uploads\/2023\/06\/Siivottu-1024x576.jpg 1024w, https:\/\/djimavic.fi\/wp-content\/uploads\/2023\/06\/Siivottu-300x169.jpg 300w, https:\/\/djimavic.fi\/wp-content\/uploads\/2023\/06\/Siivottu-768x432.jpg 768w, https:\/\/djimavic.fi\/wp-content\/uploads\/2023\/06\/Siivottu-1536x864.jpg 1536w, https:\/\/djimavic.fi\/wp-content\/uploads\/2023\/06\/Siivottu-421x237.jpg 421w, https:\/\/djimavic.fi\/wp-content\/uploads\/2023\/06\/Siivottu.jpg 1600w\" sizes=\"auto, (max-width: 1024px) 100vw, 1024px\" \/><figcaption class=\"wp-element-caption\">Mavic 2 Pro<\/figcaption><\/figure>\n\n\n\n<p><\/p>\n\n\n\n<figure class=\"wp-block-image size-full\"><img loading=\"lazy\" decoding=\"async\" width=\"80\" height=\"109\" src=\"https:\/\/djimavic.fi\/wp-content\/uploads\/2022\/02\/Kortit.jpg\" alt=\"\" class=\"wp-image-423\"\/><\/figure>\n\n\n\n<p><\/p>\n\n\n\n<p>YT<\/p>\n\n\n\n<p>Ari Savolainen<\/p>\n","protected":false},"excerpt":{"rendered":"<p>Helsingin K\u00e4pyl\u00e4ss\u00e4 taivaskalliolla oli vuosina 1939\u201344 raskas ilmatorjuntapatteri, kutsumanimelt\u00e4 &#8220;taivas&#8221;. Taivaskallion p\u00e4\u00e4ll\u00e4 on useita vanhoja hyvin s\u00e4ilyneit\u00e4 ilmatorjunta-asemia sek\u00e4 yksi deaktivoitu 76-millinen ruotsalainen Bofors ilmatorjuntatykki. &hellip;<\/p>\n","protected":false},"author":1,"featured_media":0,"comment_status":"closed","ping_status":"closed","sticky":false,"template":"","format":"standard","meta":{"footnotes":""},"categories":[1],"tags":[],"class_list":["post-929","post","type-post","status-publish","format-standard","hentry","category-mavic"],"_links":{"self":[{"href":"https:\/\/djimavic.fi\/index.php\/wp-json\/wp\/v2\/posts\/929","targetHints":{"allow":["GET"]}}],"collection":[{"href":"https:\/\/djimavic.fi\/index.php\/wp-json\/wp\/v2\/posts"}],"about":[{"href":"https:\/\/djimavic.fi\/index.php\/wp-json\/wp\/v2\/types\/post"}],"author":[{"embeddable":true,"href":"https:\/\/djimavic.fi\/index.php\/wp-json\/wp\/v2\/users\/1"}],"replies":[{"embeddable":true,"href":"https:\/\/djimavic.fi\/index.php\/wp-json\/wp\/v2\/comments?post=929"}],"version-history":[{"count":5,"href":"https:\/\/djimavic.fi\/index.php\/wp-json\/wp\/v2\/posts\/929\/revisions"}],"predecessor-version":[{"id":1504,"href":"https:\/\/djimavic.fi\/index.php\/wp-json\/wp\/v2\/posts\/929\/revisions\/1504"}],"wp:attachment":[{"href":"https:\/\/djimavic.fi\/index.php\/wp-json\/wp\/v2\/media?parent=929"}],"wp:term":[{"taxonomy":"category","embeddable":true,"href":"https:\/\/djimavic.fi\/index.php\/wp-json\/wp\/v2\/categories?post=929"},{"taxonomy":"post_tag","embeddable":true,"href":"https:\/\/djimavic.fi\/index.php\/wp-json\/wp\/v2\/tags?post=929"}],"curies":[{"name":"wp","href":"https:\/\/api.w.org\/{rel}","templated":true}]}}