{"id":902,"date":"2023-06-16T14:43:30","date_gmt":"2023-06-16T14:43:30","guid":{"rendered":"https:\/\/djimavic.fi\/?p=902"},"modified":"2023-06-17T03:02:55","modified_gmt":"2023-06-17T03:02:55","slug":"munkkiniemen-kaksoispatteri","status":"publish","type":"post","link":"https:\/\/djimavic.fi\/index.php\/2023\/06\/16\/munkkiniemen-kaksoispatteri\/","title":{"rendered":"Munkkiniemen kaksoispatteri"},"content":{"rendered":"\n<p>T\u00e4ss\u00e4 niist\u00e4 toinen 360 kuvassa. Kohteet sijaitsee Helsingin Munkkiniemess\u00e4 Gert Skytten puistossa, kalastajatorpan hotellirakennuksen ja valtion vierastalon takana kallion p\u00e4\u00e4ll\u00e4. Kohteelle p\u00e4\u00e4see k\u00e4vellen, autolla noin 100 metrin p\u00e4\u00e4h\u00e4n tienvarteen.<\/p>\n\n\n\n<p>Kaksoispatteri oli tarkoitettu kahdelle j\u00e4ttim\u00e4iselle 12 tuuman (305 mm) Obuhov rannikkokanuunalle joiden ammusten paino oli huimat 350-470 kg.<\/p>\n\n\n\n<p>Tilatut Obuhov rannikkokanuunat eiv\u00e4t kuitenkaan koskaan ehtineet saapua Helsinkiin, josta syyst\u00e4 Munkkiniemen kaksoispatterien valmistaminen keskeytyi ja j\u00e4i loppuun valmistumatta.<\/p>\n\n\n\n<p>Patterit yhdist\u00e4\u00e4 toisiinsa kallioon louhittu leve\u00e4 yhdyshauta jonka keskiosan alapuolella kallioon louhittu iso luola.<\/p>\n\n\n\n<p>360 kuvan oikeassa alareunassa olevasta <strong>VR <\/strong>painikkeesta kuvan saa suuremmaksi.<\/p>\n\n\n\n<p><a href=\"https:\/\/www.facebook.com\/photo?fbid=10227065148107598\">Facebook<\/a><\/p>\n\n\n\n<figure style=\"width:1000px;height:500px\" class=\"wp-block-algori-360-image-block-algori-360-image alignundefined\"><a-scene loading-screen=\"enabled: false;\" device-orientation-permission-ui=\"enabled: false\" embedded=\"\"><a-entity camera=\"\" look-controls=\"reverseMouseDrag: true\"><\/a-entity><a-sky src=\"https:\/\/djimavic.fi\/wp-content\/uploads\/2023\/06\/Tykkipatteri.jpg\"><\/a-sky><\/a-scene><\/figure>\n\n\n\n<p>Kaksi&nbsp;tuollaista 12 tuuman&nbsp;(305mm)&nbsp;Obuhovia oli suunniteltu&nbsp;asennettavaksi&nbsp;Munkkiniemen kaksoispatteriin.<\/p>\n\n\n\n<p>&#8220;(CC&nbsp;BY&nbsp;4.0) lisenssi&nbsp;<a href=\"http:\/\/www.sa-kuva.fi\">sakuva.fi<\/a>&nbsp;-palvelussa.&#8221;<\/p>\n\n\n\n<p>Tein&nbsp;SA-kuvasta&nbsp;my\u00f6s&nbsp;v\u00e4rillisen&nbsp;version,&nbsp;koska&nbsp;(CCBY4.0)&nbsp;-lisenssi&nbsp;antaa&nbsp;oikeuden&nbsp;muokata&nbsp;kuvia.<\/p>\n\n\n\n<figure class=\"wp-block-image size-large\"><img loading=\"lazy\" decoding=\"async\" width=\"1024\" height=\"634\" src=\"https:\/\/djimavic.fi\/wp-content\/uploads\/2023\/06\/Tykki-1-1024x634.jpg\" alt=\"\" class=\"wp-image-908\" srcset=\"https:\/\/djimavic.fi\/wp-content\/uploads\/2023\/06\/Tykki-1-1024x634.jpg 1024w, https:\/\/djimavic.fi\/wp-content\/uploads\/2023\/06\/Tykki-1-300x186.jpg 300w, https:\/\/djimavic.fi\/wp-content\/uploads\/2023\/06\/Tykki-1-768x476.jpg 768w, https:\/\/djimavic.fi\/wp-content\/uploads\/2023\/06\/Tykki-1-421x261.jpg 421w, https:\/\/djimavic.fi\/wp-content\/uploads\/2023\/06\/Tykki-1.jpg 1200w\" sizes=\"auto, (max-width: 1024px) 100vw, 1024px\" \/><figcaption class=\"wp-element-caption\">12 tuuman Obuhov tykkitorni<\/figcaption><\/figure>\n\n\n\n<figure class=\"wp-block-image size-full\"><img loading=\"lazy\" decoding=\"async\" width=\"1000\" height=\"619\" src=\"https:\/\/djimavic.fi\/wp-content\/uploads\/2023\/06\/Tykki-2.jpg\" alt=\"\" class=\"wp-image-909\" srcset=\"https:\/\/djimavic.fi\/wp-content\/uploads\/2023\/06\/Tykki-2.jpg 1000w, https:\/\/djimavic.fi\/wp-content\/uploads\/2023\/06\/Tykki-2-300x186.jpg 300w, https:\/\/djimavic.fi\/wp-content\/uploads\/2023\/06\/Tykki-2-768x475.jpg 768w, https:\/\/djimavic.fi\/wp-content\/uploads\/2023\/06\/Tykki-2-421x261.jpg 421w\" sizes=\"auto, (max-width: 1000px) 100vw, 1000px\" \/><figcaption class=\"wp-element-caption\">12 tuuman Obuhov tykkitorni<\/figcaption><\/figure>\n\n\n\n<p>Yl\u00e4kuva kohteesta<\/p>\n\n\n\n<figure class=\"wp-block-image size-large\"><img loading=\"lazy\" decoding=\"async\" width=\"1024\" height=\"702\" src=\"https:\/\/djimavic.fi\/wp-content\/uploads\/2023\/06\/Tykki-3-1024x702.jpg\" alt=\"\" class=\"wp-image-910\" srcset=\"https:\/\/djimavic.fi\/wp-content\/uploads\/2023\/06\/Tykki-3-1024x702.jpg 1024w, https:\/\/djimavic.fi\/wp-content\/uploads\/2023\/06\/Tykki-3-300x206.jpg 300w, https:\/\/djimavic.fi\/wp-content\/uploads\/2023\/06\/Tykki-3-768x527.jpg 768w, https:\/\/djimavic.fi\/wp-content\/uploads\/2023\/06\/Tykki-3-421x289.jpg 421w, https:\/\/djimavic.fi\/wp-content\/uploads\/2023\/06\/Tykki-3.jpg 1200w\" sizes=\"auto, (max-width: 1024px) 100vw, 1024px\" \/><figcaption class=\"wp-element-caption\">DJI Mavic 2 Pro<\/figcaption><\/figure>\n\n\n\n<p>Lis\u00e4tty 17.6.2023<\/p>\n\n\n\n<p><strong>Kaksoispatterin toinen osa<\/strong><\/p>\n\n\n\n<figure style=\"width:1000px;height:500px\" class=\"wp-block-algori-360-image-block-algori-360-image alignundefined\"><a-scene loading-screen=\"enabled: false;\" device-orientation-permission-ui=\"enabled: false\" embedded=\"\"><a-entity camera=\"\" look-controls=\"reverseMouseDrag: true\"><\/a-entity><a-sky src=\"https:\/\/djimavic.fi\/wp-content\/uploads\/2023\/06\/Tykkipatteri-2.jpg\"><\/a-sky><\/a-scene><\/figure>\n\n\n\n<p><\/p>\n\n\n\n<figure class=\"wp-block-image size-full\"><img loading=\"lazy\" decoding=\"async\" width=\"80\" height=\"109\" src=\"https:\/\/djimavic.fi\/wp-content\/uploads\/2022\/02\/Kortit.jpg\" alt=\"\" class=\"wp-image-423\"\/><\/figure>\n\n\n\n<p><\/p>\n\n\n\n<p>YT<\/p>\n\n\n\n<p>Ari Savolainen<\/p>\n","protected":false},"excerpt":{"rendered":"<p>T\u00e4ss\u00e4 niist\u00e4 toinen 360 kuvassa. Kohteet sijaitsee Helsingin Munkkiniemess\u00e4 Gert Skytten puistossa, kalastajatorpan hotellirakennuksen ja valtion vierastalon takana kallion p\u00e4\u00e4ll\u00e4. Kohteelle p\u00e4\u00e4see k\u00e4vellen, autolla noin &hellip;<\/p>\n","protected":false},"author":1,"featured_media":0,"comment_status":"closed","ping_status":"closed","sticky":false,"template":"","format":"standard","meta":{"footnotes":""},"categories":[1],"tags":[],"class_list":["post-902","post","type-post","status-publish","format-standard","hentry","category-mavic"],"_links":{"self":[{"href":"https:\/\/djimavic.fi\/index.php\/wp-json\/wp\/v2\/posts\/902","targetHints":{"allow":["GET"]}}],"collection":[{"href":"https:\/\/djimavic.fi\/index.php\/wp-json\/wp\/v2\/posts"}],"about":[{"href":"https:\/\/djimavic.fi\/index.php\/wp-json\/wp\/v2\/types\/post"}],"author":[{"embeddable":true,"href":"https:\/\/djimavic.fi\/index.php\/wp-json\/wp\/v2\/users\/1"}],"replies":[{"embeddable":true,"href":"https:\/\/djimavic.fi\/index.php\/wp-json\/wp\/v2\/comments?post=902"}],"version-history":[{"count":10,"href":"https:\/\/djimavic.fi\/index.php\/wp-json\/wp\/v2\/posts\/902\/revisions"}],"predecessor-version":[{"id":928,"href":"https:\/\/djimavic.fi\/index.php\/wp-json\/wp\/v2\/posts\/902\/revisions\/928"}],"wp:attachment":[{"href":"https:\/\/djimavic.fi\/index.php\/wp-json\/wp\/v2\/media?parent=902"}],"wp:term":[{"taxonomy":"category","embeddable":true,"href":"https:\/\/djimavic.fi\/index.php\/wp-json\/wp\/v2\/categories?post=902"},{"taxonomy":"post_tag","embeddable":true,"href":"https:\/\/djimavic.fi\/index.php\/wp-json\/wp\/v2\/tags?post=902"}],"curies":[{"name":"wp","href":"https:\/\/api.w.org\/{rel}","templated":true}]}}