{"id":890,"date":"2023-06-09T08:35:02","date_gmt":"2023-06-09T08:35:02","guid":{"rendered":"https:\/\/djimavic.fi\/?p=890"},"modified":"2023-06-16T15:04:18","modified_gmt":"2023-06-16T15:04:18","slug":"kolsarbyn-hautausmaa","status":"publish","type":"post","link":"https:\/\/djimavic.fi\/index.php\/2023\/06\/09\/kolsarbyn-hautausmaa\/","title":{"rendered":"Kolsarbyn hautausmaa"},"content":{"rendered":"\n<p><strong>Ven\u00e4l\u00e4isvastaisuus &#8220;russofobia&#8221; n\u00e4kyy jo Kirkkonummen Kolsarbyn ven\u00e4l\u00e4isell\u00e4 hautausmaalla, jossa sijaitsevaan muistomerkkiin oli maalattu spraymaalilla ep\u00e4m\u00e4\u00e4r\u00e4isten t\u00f6hryjen lis\u00e4ksi Z-kirjain. Asiasta kertoi YLE 9.5.2022.<\/strong><\/p>\n\n\n\n<p>Hautarauhan h\u00e4irinn\u00e4ll\u00e4 on todenn\u00e4k\u00f6isesti haluttu lietsoa Ven\u00e4j\u00e4n keskushallintoon ja valtakoneistoon tai yleisesti ven\u00e4l\u00e4isiin kohdistuvaa vihamielisyytt\u00e4 ja halveksunta\/syrjint\u00e4\u00e4.<\/p>\n\n\n\n<p>Koska vietin t\u00e4n\u00e4\u00e4nkin neuvostop\u00e4iv\u00e4\u00e4, k\u00e4vin aamulla Kirkkonummen Kolsarbyn ven\u00e4l\u00e4isell\u00e4 hautausmaalla kunnioittamassa Porkkalan vuokra-alueen kulttuurihistoriallisia arvoja tekem\u00e4ll\u00e4 muistoalueesta 360 kuvan, viel\u00e4 kun se on olemassa.<\/p>\n\n\n\n<p>Kolsariin on julkisten tietojen mukaan haudattu l\u00e4hes 500 vainajaa ja heist\u00e4 suurin osa siviilej\u00e4, jotka ovat menehtyneet Porkkalan vuokra-alueella vuosina 1944-1956.<\/p>\n\n\n\n<p class=\"has-headings-color has-text-color\"><a href=\"https:\/\/www.facebook.com\/photo?fbid=10227021754582787\">Facebook<\/a> 360 kuva<\/p>\n\n\n\n<figure class=\"wp-block-image size-large\"><img loading=\"lazy\" decoding=\"async\" width=\"1024\" height=\"577\" src=\"https:\/\/djimavic.fi\/wp-content\/uploads\/2023\/06\/Kolsarbyn-venalainen-hautausmaa-2-1024x577.jpg\" alt=\"\" class=\"wp-image-891\" srcset=\"https:\/\/djimavic.fi\/wp-content\/uploads\/2023\/06\/Kolsarbyn-venalainen-hautausmaa-2-1024x577.jpg 1024w, https:\/\/djimavic.fi\/wp-content\/uploads\/2023\/06\/Kolsarbyn-venalainen-hautausmaa-2-300x169.jpg 300w, https:\/\/djimavic.fi\/wp-content\/uploads\/2023\/06\/Kolsarbyn-venalainen-hautausmaa-2-768x432.jpg 768w, https:\/\/djimavic.fi\/wp-content\/uploads\/2023\/06\/Kolsarbyn-venalainen-hautausmaa-2-1536x865.jpg 1536w, https:\/\/djimavic.fi\/wp-content\/uploads\/2023\/06\/Kolsarbyn-venalainen-hautausmaa-2-421x237.jpg 421w, https:\/\/djimavic.fi\/wp-content\/uploads\/2023\/06\/Kolsarbyn-venalainen-hautausmaa-2.jpg 1600w\" sizes=\"auto, (max-width: 1024px) 100vw, 1024px\" \/><figcaption class=\"wp-element-caption\">9.6.2023<\/figcaption><\/figure>\n\n\n\n<figure class=\"wp-block-image size-large\"><img loading=\"lazy\" decoding=\"async\" width=\"1024\" height=\"576\" src=\"https:\/\/djimavic.fi\/wp-content\/uploads\/2023\/06\/Kolsarbyn-venalainen-hautausmaa-3-1024x576.jpg\" alt=\"\" class=\"wp-image-892\" srcset=\"https:\/\/djimavic.fi\/wp-content\/uploads\/2023\/06\/Kolsarbyn-venalainen-hautausmaa-3-1024x576.jpg 1024w, https:\/\/djimavic.fi\/wp-content\/uploads\/2023\/06\/Kolsarbyn-venalainen-hautausmaa-3-300x169.jpg 300w, https:\/\/djimavic.fi\/wp-content\/uploads\/2023\/06\/Kolsarbyn-venalainen-hautausmaa-3-768x432.jpg 768w, https:\/\/djimavic.fi\/wp-content\/uploads\/2023\/06\/Kolsarbyn-venalainen-hautausmaa-3-1536x864.jpg 1536w, https:\/\/djimavic.fi\/wp-content\/uploads\/2023\/06\/Kolsarbyn-venalainen-hautausmaa-3-421x237.jpg 421w, https:\/\/djimavic.fi\/wp-content\/uploads\/2023\/06\/Kolsarbyn-venalainen-hautausmaa-3.jpg 1600w\" sizes=\"auto, (max-width: 1024px) 100vw, 1024px\" \/><figcaption class=\"wp-element-caption\">9.6.2023<\/figcaption><\/figure>\n\n\n\n<p><strong>Neuvostoalueelta l\u00f6ydettyjen kohteiden sijainnit karttoihin merkittyin\u00e4<\/strong><\/p>\n\n\n\n<ul class=\"wp-block-list\">\n<li>Bunkkerit ja muut sotilaskohteet&nbsp;<a href=\"https:\/\/www.lynx.fi\/parenteesi-suunnistuskartalle\/\">lynx.fi<\/a><\/li>\n\n\n\n<li>Kuvakansio Parenteesikohteista&nbsp;<a href=\"https:\/\/www.flickr.com\/photos\/139534995@N04\/\">flickr.com<\/a><\/li>\n<\/ul>\n\n\n\n<p><strong>Suomi&nbsp;joutui&nbsp;vuokraamaan&nbsp;50&nbsp;vuoden&nbsp;ajaksi&nbsp;Neuvostoliitolle&nbsp;Porkkalan&nbsp;vuokra-alueen&nbsp;sotilastukikohdaksi&nbsp;Moskovan&nbsp;v\u00e4lirauhassa&nbsp;1944.<\/strong><\/p>\n\n\n\n<p>Porkkalan&nbsp;vuokra-alue: <a href=\"https:\/\/fi.wikipedia.org\/wiki\/Porkkalan_vuokra-alue\">Wikipedia<\/a><\/p>\n\n\n\n<p>Moskovan v\u00e4lirauha: <a href=\"https:\/\/fi.wikipedia.org\/wiki\/Moskovan_v\u00e4lirauha\">Wikipedia<\/a><\/p>\n\n\n\n<figure class=\"wp-block-image size-full\"><img loading=\"lazy\" decoding=\"async\" width=\"80\" height=\"109\" src=\"https:\/\/djimavic.fi\/wp-content\/uploads\/2022\/02\/Kortit.jpg\" alt=\"\" class=\"wp-image-423\"\/><\/figure>\n\n\n\n<p><\/p>\n\n\n\n<p>YT<\/p>\n\n\n\n<p>Ari Savolainen<\/p>\n","protected":false},"excerpt":{"rendered":"<p>Ven\u00e4l\u00e4isvastaisuus &#8220;russofobia&#8221; n\u00e4kyy jo Kirkkonummen Kolsarbyn ven\u00e4l\u00e4isell\u00e4 hautausmaalla, jossa sijaitsevaan muistomerkkiin oli maalattu spraymaalilla ep\u00e4m\u00e4\u00e4r\u00e4isten t\u00f6hryjen lis\u00e4ksi Z-kirjain. Asiasta kertoi YLE 9.5.2022. Hautarauhan h\u00e4irinn\u00e4ll\u00e4 on &hellip;<\/p>\n","protected":false},"author":1,"featured_media":0,"comment_status":"closed","ping_status":"closed","sticky":false,"template":"","format":"standard","meta":{"footnotes":""},"categories":[1],"tags":[],"class_list":["post-890","post","type-post","status-publish","format-standard","hentry","category-mavic"],"_links":{"self":[{"href":"https:\/\/djimavic.fi\/index.php\/wp-json\/wp\/v2\/posts\/890","targetHints":{"allow":["GET"]}}],"collection":[{"href":"https:\/\/djimavic.fi\/index.php\/wp-json\/wp\/v2\/posts"}],"about":[{"href":"https:\/\/djimavic.fi\/index.php\/wp-json\/wp\/v2\/types\/post"}],"author":[{"embeddable":true,"href":"https:\/\/djimavic.fi\/index.php\/wp-json\/wp\/v2\/users\/1"}],"replies":[{"embeddable":true,"href":"https:\/\/djimavic.fi\/index.php\/wp-json\/wp\/v2\/comments?post=890"}],"version-history":[{"count":6,"href":"https:\/\/djimavic.fi\/index.php\/wp-json\/wp\/v2\/posts\/890\/revisions"}],"predecessor-version":[{"id":921,"href":"https:\/\/djimavic.fi\/index.php\/wp-json\/wp\/v2\/posts\/890\/revisions\/921"}],"wp:attachment":[{"href":"https:\/\/djimavic.fi\/index.php\/wp-json\/wp\/v2\/media?parent=890"}],"wp:term":[{"taxonomy":"category","embeddable":true,"href":"https:\/\/djimavic.fi\/index.php\/wp-json\/wp\/v2\/categories?post=890"},{"taxonomy":"post_tag","embeddable":true,"href":"https:\/\/djimavic.fi\/index.php\/wp-json\/wp\/v2\/tags?post=890"}],"curies":[{"name":"wp","href":"https:\/\/api.w.org\/{rel}","templated":true}]}}