{"id":847,"date":"2023-05-10T05:32:13","date_gmt":"2023-05-10T05:32:13","guid":{"rendered":"https:\/\/djimavic.fi\/?p=847"},"modified":"2024-06-22T03:33:38","modified_gmt":"2024-06-22T03:33:38","slug":"eduskuntatalo","status":"publish","type":"post","link":"https:\/\/djimavic.fi\/index.php\/2023\/05\/10\/eduskuntatalo\/","title":{"rendered":"Eduskuntatalo"},"content":{"rendered":"\n<p><strong>Eduskuntatalo hiljaisena keskiviikkoaamuna 10.5.2023 kello 05:00 aamuy\u00f6ll\u00e4<\/strong><\/p>\n\n\n\n<p>Lupa lentokieltoalueen rajojen ylitykseen my\u00f6nnetty kirjallisena eduskunnan turvallisuusosastolta ja lento on suoritettu ilmailuliiton SIL16 s\u00e4\u00e4nt\u00f6jen sallimissa puitteissa.<\/p>\n\n\n\n<p>Olen ehdottomasti sit\u00e4 mielt\u00e4 kokemukseni perusteella, ett\u00e4 SIL16 lupakirja avaa enemm\u00e4n ovia kuin perinteinen A2 tentti ja on vakuuttavampi virallisena asiakirjana koska se on ilmailuliiton my\u00f6nt\u00e4m\u00e4 ja sis\u00e4lt\u00e4\u00e4 vakuutuksen jne.<\/p>\n\n\n\n<iframe loading=\"lazy\" src=\"https:\/\/vk.com\/video_ext.php?oid=836175557&#038;id=456239083&#038;hd=2\" width=\"853\" height=\"480\" allow=\"autoplay; encrypted-media; fullscreen; picture-in-picture; screen-wake-lock;\" frameborder=\"0\" allowfullscreen><\/iframe>\n\n\n\n<figure class=\"wp-block-image size-large\"><img loading=\"lazy\" decoding=\"async\" width=\"1024\" height=\"683\" src=\"https:\/\/djimavic.fi\/wp-content\/uploads\/2023\/05\/Riksdagshuset_2-1024x683.jpg\" alt=\"\" class=\"wp-image-848\" srcset=\"https:\/\/djimavic.fi\/wp-content\/uploads\/2023\/05\/Riksdagshuset_2-1024x683.jpg 1024w, https:\/\/djimavic.fi\/wp-content\/uploads\/2023\/05\/Riksdagshuset_2-300x200.jpg 300w, https:\/\/djimavic.fi\/wp-content\/uploads\/2023\/05\/Riksdagshuset_2-768x512.jpg 768w, https:\/\/djimavic.fi\/wp-content\/uploads\/2023\/05\/Riksdagshuset_2-421x281.jpg 421w, https:\/\/djimavic.fi\/wp-content\/uploads\/2023\/05\/Riksdagshuset_2.jpg 1200w\" sizes=\"auto, (max-width: 1024px) 100vw, 1024px\" \/><figcaption class=\"wp-element-caption\">DJI&nbsp;Mavic&nbsp;2&nbsp;Pro\/Ari&nbsp;Savolainen<\/figcaption><\/figure>\n\n\n\n<p><a href=\"https:\/\/kuopionlennokkikerho.fi\/sil16-lisenssi\/?fbclid=IwAR2ufh_OWjpfQ1M0T7-_Urd-hAVI7ZnSruBCCw0fkwzlv7MY6hcWQf4iZis\">SIL16<\/a><\/p>\n\n\n\n<figure class=\"wp-block-image size-full is-resized\"><img loading=\"lazy\" decoding=\"async\" width=\"80\" height=\"109\" src=\"https:\/\/djimavic.fi\/wp-content\/uploads\/2022\/02\/Kortit.jpg\" alt=\"\" class=\"wp-image-423\" style=\"width:80px;height:109px\"\/><\/figure>\n\n\n\n<p><\/p>\n\n\n\n<p>YT<br><br>Ari Savolainen<\/p>\n","protected":false},"excerpt":{"rendered":"<p>Eduskuntatalo hiljaisena keskiviikkoaamuna 10.5.2023 kello 05:00 aamuy\u00f6ll\u00e4 Lupa lentokieltoalueen rajojen ylitykseen my\u00f6nnetty kirjallisena eduskunnan turvallisuusosastolta ja lento on suoritettu ilmailuliiton SIL16 s\u00e4\u00e4nt\u00f6jen sallimissa puitteissa. Olen &hellip;<\/p>\n","protected":false},"author":1,"featured_media":0,"comment_status":"closed","ping_status":"closed","sticky":false,"template":"","format":"standard","meta":{"footnotes":""},"categories":[1],"tags":[],"class_list":["post-847","post","type-post","status-publish","format-standard","hentry","category-mavic"],"_links":{"self":[{"href":"https:\/\/djimavic.fi\/index.php\/wp-json\/wp\/v2\/posts\/847","targetHints":{"allow":["GET"]}}],"collection":[{"href":"https:\/\/djimavic.fi\/index.php\/wp-json\/wp\/v2\/posts"}],"about":[{"href":"https:\/\/djimavic.fi\/index.php\/wp-json\/wp\/v2\/types\/post"}],"author":[{"embeddable":true,"href":"https:\/\/djimavic.fi\/index.php\/wp-json\/wp\/v2\/users\/1"}],"replies":[{"embeddable":true,"href":"https:\/\/djimavic.fi\/index.php\/wp-json\/wp\/v2\/comments?post=847"}],"version-history":[{"count":4,"href":"https:\/\/djimavic.fi\/index.php\/wp-json\/wp\/v2\/posts\/847\/revisions"}],"predecessor-version":[{"id":1514,"href":"https:\/\/djimavic.fi\/index.php\/wp-json\/wp\/v2\/posts\/847\/revisions\/1514"}],"wp:attachment":[{"href":"https:\/\/djimavic.fi\/index.php\/wp-json\/wp\/v2\/media?parent=847"}],"wp:term":[{"taxonomy":"category","embeddable":true,"href":"https:\/\/djimavic.fi\/index.php\/wp-json\/wp\/v2\/categories?post=847"},{"taxonomy":"post_tag","embeddable":true,"href":"https:\/\/djimavic.fi\/index.php\/wp-json\/wp\/v2\/tags?post=847"}],"curies":[{"name":"wp","href":"https:\/\/api.w.org\/{rel}","templated":true}]}}