{"id":843,"date":"2023-05-09T15:18:52","date_gmt":"2023-05-09T15:18:52","guid":{"rendered":"https:\/\/djimavic.fi\/?p=843"},"modified":"2024-06-23T03:20:35","modified_gmt":"2024-06-23T03:20:35","slug":"sinebrychoffin-huvila-2","status":"publish","type":"post","link":"https:\/\/djimavic.fi\/index.php\/2023\/05\/09\/sinebrychoffin-huvila-2\/","title":{"rendered":"Sinebrychoffin huvila"},"content":{"rendered":"\n<p>Sinebrychoffin&nbsp;huvila&nbsp;on&nbsp;remontissa.&nbsp;Kuvattu&nbsp;t\u00e4n\u00e4\u00e4n&nbsp;9.5.2023&nbsp;&#8220;SIL16&#8221;&nbsp;lupaehtojen&nbsp;mukaisesti&#8230;<\/p>\n\n\n\n<p>WP: &#8220;Nicolas Sinebrychoff omisti vuodesta 1890 etel\u00e4isess\u00e4 Espoossa Bj\u00f6rnholmin eli Karhusaaren tilan, joka lohkaistiin h\u00e4nen veljens\u00e4 perim\u00e4n Hagalundin kartanon maista. H\u00e4n rakennutti sinne arkkitehti K. A. Wreden suunnitteleman huvilan eli Sinebrychoffin huvilan, joka on nyky\u00e4\u00e4n Espoon kaupungin omistama Karhusaaren taidekeskus.&#8221;<\/p>\n\n\n\n<p><a href=\"https:\/\/fi.wikipedia.org\/wiki\/Nicolas_Sinebrychoff\">WikipediA<\/a><\/p>\n\n\n\n<p>Music\u00a0by\u00a0Palle1958\u00a0from\u00a0Pixabay<\/p>\n\n\n\n<iframe loading=\"lazy\" src=\"https:\/\/vk.com\/video_ext.php?oid=836175557&#038;id=456239084&#038;hd=2\" width=\"853\" height=\"480\" allow=\"autoplay; encrypted-media; fullscreen; picture-in-picture; screen-wake-lock;\" frameborder=\"0\" allowfullscreen><\/iframe>\n\n\n\n<p>P\u00e4ivitetty: 28.1.2024 Sinebrychoffin&nbsp;huvilan entis\u00f6inti on <a href=\"https:\/\/autelrobotics.fi\/index.php\/2024\/01\/28\/sinebrychoffin-huvila\/\">valmistunut<\/a><\/p>\n\n\n\n<p><a href=\"https:\/\/kuopionlennokkikerho.fi\/sil16-lisenssi\/?fbclid=IwAR2ufh_OWjpfQ1M0T7-_Urd-hAVI7ZnSruBCCw0fkwzlv7MY6hcWQf4iZis\">SIL16<\/a><\/p>\n\n\n\n<figure class=\"wp-block-image size-full\"><img loading=\"lazy\" decoding=\"async\" width=\"80\" height=\"109\" src=\"https:\/\/djimavic.fi\/wp-content\/uploads\/2022\/02\/Kortit.jpg\" alt=\"\" class=\"wp-image-423\"\/><\/figure>\n\n\n\n<p><\/p>\n\n\n\n<p>YT<\/p>\n\n\n\n<p>Ari Savolainen<\/p>\n","protected":false},"excerpt":{"rendered":"<p>Sinebrychoffin&nbsp;huvila&nbsp;on&nbsp;remontissa.&nbsp;Kuvattu&nbsp;t\u00e4n\u00e4\u00e4n&nbsp;9.5.2023&nbsp;&#8220;SIL16&#8221;&nbsp;lupaehtojen&nbsp;mukaisesti&#8230; WP: &#8220;Nicolas Sinebrychoff omisti vuodesta 1890 etel\u00e4isess\u00e4 Espoossa Bj\u00f6rnholmin eli Karhusaaren tilan, joka lohkaistiin h\u00e4nen veljens\u00e4 perim\u00e4n Hagalundin kartanon maista. H\u00e4n rakennutti sinne arkkitehti &hellip;<\/p>\n","protected":false},"author":1,"featured_media":0,"comment_status":"closed","ping_status":"closed","sticky":false,"template":"","format":"standard","meta":{"footnotes":""},"categories":[1],"tags":[],"class_list":["post-843","post","type-post","status-publish","format-standard","hentry","category-mavic"],"_links":{"self":[{"href":"https:\/\/djimavic.fi\/index.php\/wp-json\/wp\/v2\/posts\/843","targetHints":{"allow":["GET"]}}],"collection":[{"href":"https:\/\/djimavic.fi\/index.php\/wp-json\/wp\/v2\/posts"}],"about":[{"href":"https:\/\/djimavic.fi\/index.php\/wp-json\/wp\/v2\/types\/post"}],"author":[{"embeddable":true,"href":"https:\/\/djimavic.fi\/index.php\/wp-json\/wp\/v2\/users\/1"}],"replies":[{"embeddable":true,"href":"https:\/\/djimavic.fi\/index.php\/wp-json\/wp\/v2\/comments?post=843"}],"version-history":[{"count":6,"href":"https:\/\/djimavic.fi\/index.php\/wp-json\/wp\/v2\/posts\/843\/revisions"}],"predecessor-version":[{"id":1515,"href":"https:\/\/djimavic.fi\/index.php\/wp-json\/wp\/v2\/posts\/843\/revisions\/1515"}],"wp:attachment":[{"href":"https:\/\/djimavic.fi\/index.php\/wp-json\/wp\/v2\/media?parent=843"}],"wp:term":[{"taxonomy":"category","embeddable":true,"href":"https:\/\/djimavic.fi\/index.php\/wp-json\/wp\/v2\/categories?post=843"},{"taxonomy":"post_tag","embeddable":true,"href":"https:\/\/djimavic.fi\/index.php\/wp-json\/wp\/v2\/tags?post=843"}],"curies":[{"name":"wp","href":"https:\/\/api.w.org\/{rel}","templated":true}]}}