{"id":778,"date":"2022-12-18T16:13:25","date_gmt":"2022-12-18T16:13:25","guid":{"rendered":"https:\/\/djimavic.fi\/?p=778"},"modified":"2025-01-06T06:53:55","modified_gmt":"2025-01-06T06:53:55","slug":"viherlaakson-purkutyot","status":"publish","type":"post","link":"https:\/\/djimavic.fi\/index.php\/2022\/12\/18\/viherlaakson-purkutyot\/","title":{"rendered":"Viherlaakson\u00a0purkuty\u00f6t"},"content":{"rendered":"\n<p>Viherlaakson&nbsp;terveysaseman&nbsp;ja&nbsp;kirjaston&nbsp;purkaminen<\/p>\n\n\n\n<p>Kuvattu&nbsp;18.12.2022<\/p>\n\n\n\n<p>Espoon sosiaali- ja terveyslautakunta p\u00e4\u00e4tti maaliskuussa 2020, ett\u00e4 Viherlaakson terveysaseman palvelut siirret\u00e4\u00e4n kes\u00e4ll\u00e4 2021 kilon terveysasemalle ja my\u00f6hemmin tehtiin p\u00e4\u00e4t\u00f6s rakennuksen purkamisesta.<\/p>\n\n\n\n<p>Viherlaakson vanhan terveysaseman ja kirjaston (os. Kievarinpolku 1) purkuty\u00f6t alkoi 2022 marraskuun alussa. Purkuty\u00f6t vied\u00e4\u00e4n loppuun viimeisen arvion mukaan tammikuun 2023 loppuun menness\u00e4. <\/p>\n\n\n\n<figure class=\"wp-block-embed is-type-video is-provider-youtube wp-block-embed-youtube wp-embed-aspect-16-9 wp-has-aspect-ratio\"><div class=\"wp-block-embed__wrapper\">\n<iframe loading=\"lazy\" title=\"Viherlaakson terveysasema\" width=\"760\" height=\"428\" src=\"https:\/\/www.youtube.com\/embed\/Jkf1JUqbv1E?feature=oembed\" frameborder=\"0\" allow=\"accelerometer; autoplay; clipboard-write; encrypted-media; gyroscope; picture-in-picture; web-share\" referrerpolicy=\"strict-origin-when-cross-origin\" allowfullscreen><\/iframe>\n<\/div><figcaption class=\"wp-element-caption\">Mavic 2 Pro<\/figcaption><\/figure>\n\n\n\n<p><\/p>\n\n\n\n<p><\/p>\n\n\n\n<figure class=\"wp-block-image size-full\"><img loading=\"lazy\" decoding=\"async\" width=\"80\" height=\"109\" src=\"https:\/\/djimavic.fi\/wp-content\/uploads\/2022\/02\/Kortit.jpg\" alt=\"\" class=\"wp-image-423\"\/><\/figure>\n\n\n\n<p>Ari Savolainen<\/p>\n","protected":false},"excerpt":{"rendered":"<p>Viherlaakson&nbsp;terveysaseman&nbsp;ja&nbsp;kirjaston&nbsp;purkaminen Kuvattu&nbsp;18.12.2022 Espoon sosiaali- ja terveyslautakunta p\u00e4\u00e4tti maaliskuussa 2020, ett\u00e4 Viherlaakson terveysaseman palvelut siirret\u00e4\u00e4n kes\u00e4ll\u00e4 2021 kilon terveysasemalle ja my\u00f6hemmin tehtiin p\u00e4\u00e4t\u00f6s rakennuksen purkamisesta. Viherlaakson &hellip;<\/p>\n","protected":false},"author":1,"featured_media":0,"comment_status":"closed","ping_status":"open","sticky":false,"template":"","format":"standard","meta":{"footnotes":""},"categories":[1],"tags":[],"class_list":["post-778","post","type-post","status-publish","format-standard","hentry","category-mavic"],"_links":{"self":[{"href":"https:\/\/djimavic.fi\/index.php\/wp-json\/wp\/v2\/posts\/778","targetHints":{"allow":["GET"]}}],"collection":[{"href":"https:\/\/djimavic.fi\/index.php\/wp-json\/wp\/v2\/posts"}],"about":[{"href":"https:\/\/djimavic.fi\/index.php\/wp-json\/wp\/v2\/types\/post"}],"author":[{"embeddable":true,"href":"https:\/\/djimavic.fi\/index.php\/wp-json\/wp\/v2\/users\/1"}],"replies":[{"embeddable":true,"href":"https:\/\/djimavic.fi\/index.php\/wp-json\/wp\/v2\/comments?post=778"}],"version-history":[{"count":5,"href":"https:\/\/djimavic.fi\/index.php\/wp-json\/wp\/v2\/posts\/778\/revisions"}],"predecessor-version":[{"id":1635,"href":"https:\/\/djimavic.fi\/index.php\/wp-json\/wp\/v2\/posts\/778\/revisions\/1635"}],"wp:attachment":[{"href":"https:\/\/djimavic.fi\/index.php\/wp-json\/wp\/v2\/media?parent=778"}],"wp:term":[{"taxonomy":"category","embeddable":true,"href":"https:\/\/djimavic.fi\/index.php\/wp-json\/wp\/v2\/categories?post=778"},{"taxonomy":"post_tag","embeddable":true,"href":"https:\/\/djimavic.fi\/index.php\/wp-json\/wp\/v2\/tags?post=778"}],"curies":[{"name":"wp","href":"https:\/\/api.w.org\/{rel}","templated":true}]}}