{"id":711,"date":"2022-08-18T16:19:38","date_gmt":"2022-08-18T16:19:38","guid":{"rendered":"https:\/\/djimavic.fi\/?p=711"},"modified":"2025-01-06T07:48:37","modified_gmt":"2025-01-06T07:48:37","slug":"espoon-kaupungintalon-purku","status":"publish","type":"post","link":"https:\/\/djimavic.fi\/index.php\/2022\/08\/18\/espoon-kaupungintalon-purku\/","title":{"rendered":"Espoon kaupungintalon purku"},"content":{"rendered":"\n<p class=\"has-text-color\" style=\"color:#d50419\">P\u00e4ivitetty 6.1.2025<\/p>\n\n\n\n<p>Kuvattu 4K\/MP4 H.264. Katsottavat HD laadut: 1080p\/1440p\/2160p<\/p>\n\n\n\n<p>Espoon kaupungintalon varsinainen purkaminen alkoi t\u00e4n\u00e4\u00e4n torstaina 18.8.2022 julkisivup\u00e4\u00e4dyst\u00e4 kuten aiemmin kerroin tapahtuvaksi, eik\u00e4 t\u00e4st\u00e4 ole en\u00e4\u00e4 paluuta.<\/p>\n\n\n\n<p><strong>360<\/strong> kuva <a href=\"https:\/\/www.facebook.com\/photo?fbid=10225114948153818\">kaupungintalon sis\u00e4lt\u00e4<\/a><\/p>\n\n\n\n<p><\/p>\n\n\n\n<figure class=\"wp-block-image size-large\"><img loading=\"lazy\" decoding=\"async\" width=\"1024\" height=\"683\" src=\"https:\/\/djimavic.fi\/wp-content\/uploads\/2022\/08\/Espoon_kaupungintalo-1024x683.jpg\" alt=\"\" class=\"wp-image-715\" srcset=\"https:\/\/djimavic.fi\/wp-content\/uploads\/2022\/08\/Espoon_kaupungintalo-1024x683.jpg 1024w, https:\/\/djimavic.fi\/wp-content\/uploads\/2022\/08\/Espoon_kaupungintalo-300x200.jpg 300w, https:\/\/djimavic.fi\/wp-content\/uploads\/2022\/08\/Espoon_kaupungintalo-768x512.jpg 768w, https:\/\/djimavic.fi\/wp-content\/uploads\/2022\/08\/Espoon_kaupungintalo-421x281.jpg 421w, https:\/\/djimavic.fi\/wp-content\/uploads\/2022\/08\/Espoon_kaupungintalo.jpg 1200w\" sizes=\"auto, (max-width: 1024px) 100vw, 1024px\" \/><figcaption class=\"wp-element-caption\">DJI Mavic 2 Pro\/Ari Savolainen (kuvattu 22.8.2022)<\/figcaption><\/figure>\n\n\n\n<figure class=\"wp-block-image size-large\"><img loading=\"lazy\" decoding=\"async\" width=\"1024\" height=\"683\" src=\"https:\/\/djimavic.fi\/wp-content\/uploads\/2022\/08\/23.8.2022-1024x683.jpg\" alt=\"\" class=\"wp-image-717\" srcset=\"https:\/\/djimavic.fi\/wp-content\/uploads\/2022\/08\/23.8.2022-1024x683.jpg 1024w, https:\/\/djimavic.fi\/wp-content\/uploads\/2022\/08\/23.8.2022-300x200.jpg 300w, https:\/\/djimavic.fi\/wp-content\/uploads\/2022\/08\/23.8.2022-768x512.jpg 768w, https:\/\/djimavic.fi\/wp-content\/uploads\/2022\/08\/23.8.2022-421x281.jpg 421w, https:\/\/djimavic.fi\/wp-content\/uploads\/2022\/08\/23.8.2022.jpg 1200w\" sizes=\"auto, (max-width: 1024px) 100vw, 1024px\" \/><figcaption class=\"wp-element-caption\"><a href=\"http:\/\/www.autelrobotics.fi\">Autel Evo 2 Pro<\/a> (kuvattu 23.8.2022)<\/figcaption><\/figure>\n\n\n\n<figure class=\"wp-block-embed is-type-video is-provider-youtube wp-block-embed-youtube wp-embed-aspect-16-9 wp-has-aspect-ratio\"><div class=\"wp-block-embed__wrapper\">\n<iframe loading=\"lazy\" title=\"Espoon kaupungintalo\" width=\"760\" height=\"428\" src=\"https:\/\/www.youtube.com\/embed\/OA0EpN_AXLE?feature=oembed\" frameborder=\"0\" allow=\"accelerometer; autoplay; clipboard-write; encrypted-media; gyroscope; picture-in-picture; web-share\" referrerpolicy=\"strict-origin-when-cross-origin\" allowfullscreen><\/iframe>\n<\/div><figcaption class=\"wp-element-caption\">Mavic 2 Pro<\/figcaption><\/figure>\n\n\n\n<figure class=\"wp-block-embed is-type-video is-provider-youtube wp-block-embed-youtube wp-embed-aspect-16-9 wp-has-aspect-ratio\"><div class=\"wp-block-embed__wrapper\">\n<iframe loading=\"lazy\" title=\"Espoon kaupungintalo\" width=\"760\" height=\"428\" src=\"https:\/\/www.youtube.com\/embed\/wF1wnMJ_y8g?feature=oembed\" frameborder=\"0\" allow=\"accelerometer; autoplay; clipboard-write; encrypted-media; gyroscope; picture-in-picture; web-share\" referrerpolicy=\"strict-origin-when-cross-origin\" allowfullscreen><\/iframe>\n<\/div><figcaption class=\"wp-element-caption\">Mavic 2 Pro<\/figcaption><\/figure>\n\n\n\n<figure class=\"wp-block-embed is-type-video is-provider-youtube wp-block-embed-youtube wp-embed-aspect-16-9 wp-has-aspect-ratio\"><div class=\"wp-block-embed__wrapper\">\n<iframe loading=\"lazy\" title=\"Espoon kaupungintalo\" width=\"760\" height=\"428\" src=\"https:\/\/www.youtube.com\/embed\/_DHqi0bj6iM?feature=oembed\" frameborder=\"0\" allow=\"accelerometer; autoplay; clipboard-write; encrypted-media; gyroscope; picture-in-picture; web-share\" referrerpolicy=\"strict-origin-when-cross-origin\" allowfullscreen><\/iframe>\n<\/div><figcaption class=\"wp-element-caption\">Mavic 2 Pro<\/figcaption><\/figure>\n\n\n\n<figure class=\"wp-block-embed is-type-video is-provider-youtube wp-block-embed-youtube wp-embed-aspect-16-9 wp-has-aspect-ratio\"><div class=\"wp-block-embed__wrapper\">\n<iframe loading=\"lazy\" title=\"Espoon kaupungintalo\" width=\"760\" height=\"428\" src=\"https:\/\/www.youtube.com\/embed\/Cy-KxdDwktA?feature=oembed\" frameborder=\"0\" allow=\"accelerometer; autoplay; clipboard-write; encrypted-media; gyroscope; picture-in-picture; web-share\" referrerpolicy=\"strict-origin-when-cross-origin\" allowfullscreen><\/iframe>\n<\/div><figcaption class=\"wp-element-caption\">Mavic 2 Pro<\/figcaption><\/figure>\n\n\n\n<figure class=\"wp-block-embed is-type-video is-provider-youtube wp-block-embed-youtube wp-embed-aspect-16-9 wp-has-aspect-ratio\"><div class=\"wp-block-embed__wrapper\">\n<iframe loading=\"lazy\" title=\"Espoon kaupungintalo\" width=\"760\" height=\"428\" src=\"https:\/\/www.youtube.com\/embed\/ink2Tss6Im0?feature=oembed\" frameborder=\"0\" allow=\"accelerometer; autoplay; clipboard-write; encrypted-media; gyroscope; picture-in-picture; web-share\" referrerpolicy=\"strict-origin-when-cross-origin\" allowfullscreen><\/iframe>\n<\/div><figcaption class=\"wp-element-caption\">Mavic 2 Pro<\/figcaption><\/figure>\n\n\n\n<figure class=\"wp-block-embed is-type-video is-provider-youtube wp-block-embed-youtube wp-embed-aspect-16-9 wp-has-aspect-ratio\"><div class=\"wp-block-embed__wrapper\">\n<iframe loading=\"lazy\" title=\"Espoon kaupungintalo\" width=\"760\" height=\"428\" src=\"https:\/\/www.youtube.com\/embed\/oUJQN9vwYy4?feature=oembed\" frameborder=\"0\" allow=\"accelerometer; autoplay; clipboard-write; encrypted-media; gyroscope; picture-in-picture; web-share\" referrerpolicy=\"strict-origin-when-cross-origin\" allowfullscreen><\/iframe>\n<\/div><figcaption class=\"wp-element-caption\">Mavic 2 Pro<\/figcaption><\/figure>\n\n\n\n<p>Facebook: <a href=\"https:\/\/www.facebook.com\/ari.savolainen.37\/posts\/pfbid0w5m6KGT2NYzmgUfNzyquzhgyUnDE3PtVuMd6HcsLVgaqtre8ir7LGjH1oMReHhJul\">1<\/a>   <a href=\"https:\/\/www.facebook.com\/ari.savolainen.37\/posts\/pfbid02pby83u9UG5UZBUFzaX4QFfrkRx9gVs9ov7hXCHCf9xA96yRagqTHp13euGp3e4Aql\">2<\/a>   <a href=\"https:\/\/www.facebook.com\/groups\/197918886960336\/posts\/5496245733794265\">3<\/a>   <a href=\"https:\/\/www.facebook.com\/groups\/197918886960336\/posts\/5463142260437946\/\">4<\/a>   <a href=\"https:\/\/www.facebook.com\/groups\/197918886960336\/posts\/5457558460996326\/\">5<\/a>   <a href=\"https:\/\/www.facebook.com\/groups\/197918886960336\/posts\/5353340004751506\/\">6<\/a>   <a href=\"https:\/\/www.facebook.com\/groups\/197918886960336\/posts\/5338506632901510\/\">7<\/a>   <a href=\"https:\/\/www.facebook.com\/groups\/197918886960336\/posts\/5344880062264167\/\">8<\/a>   <a href=\"https:\/\/www.facebook.com\/groups\/197918886960336\/posts\/5393886390696867\/\">9<\/a>   <a href=\"https:\/\/www.facebook.com\/groups\/197918886960336\/posts\/5284975561587951\/\">10<\/a><\/p>\n\n\n\n<figure class=\"wp-block-embed is-type-video is-provider-youtube wp-block-embed-youtube wp-embed-aspect-16-9 wp-has-aspect-ratio\"><div class=\"wp-block-embed__wrapper\">\n<iframe loading=\"lazy\" title=\"Espoon kaupungintalo\" width=\"760\" height=\"428\" src=\"https:\/\/www.youtube.com\/embed\/3Jek-PeSiME?feature=oembed\" frameborder=\"0\" allow=\"accelerometer; autoplay; clipboard-write; encrypted-media; gyroscope; picture-in-picture; web-share\" referrerpolicy=\"strict-origin-when-cross-origin\" allowfullscreen><\/iframe>\n<\/div><figcaption class=\"wp-element-caption\">Mavic 2 Pro<\/figcaption><\/figure>\n\n\n\n<figure class=\"wp-block-embed is-type-video is-provider-youtube wp-block-embed-youtube wp-embed-aspect-16-9 wp-has-aspect-ratio\"><div class=\"wp-block-embed__wrapper\">\n<iframe loading=\"lazy\" title=\"Espoon kaupungintalo\" width=\"760\" height=\"428\" src=\"https:\/\/www.youtube.com\/embed\/t3SRFMj8wiw?feature=oembed\" frameborder=\"0\" allow=\"accelerometer; autoplay; clipboard-write; encrypted-media; gyroscope; picture-in-picture; web-share\" referrerpolicy=\"strict-origin-when-cross-origin\" allowfullscreen><\/iframe>\n<\/div><figcaption class=\"wp-element-caption\">Mavic 2 Pro <\/figcaption><\/figure>\n\n\n\n<figure class=\"wp-block-image size-large\"><img decoding=\"async\" src=\"https:\/\/scontent-hel3-1.xx.fbcdn.net\/v\/t39.30808-6\/316420219_10225830222395227_3159741337915674708_n.jpg?_nc_cat=109&amp;ccb=1-7&amp;_nc_sid=bd9a62&amp;_nc_ohc=LEq_-PSGXGsQ7kNvgGRAUU4&amp;_nc_zt=23&amp;_nc_ht=scontent-hel3-1.xx&amp;_nc_gid=AFzlLAwV8bo5aBZcj3AY0s2&amp;oh=00_AYDLnLZrRXzbYOyYnDUhSS_YWGpZ75UiprJLu0SRa2x74Q&amp;oe=6781451C\" alt=\"\"\/><figcaption class=\"wp-element-caption\">Mavic 2 Pro<\/figcaption><\/figure>\n\n\n\n<p><\/p>\n\n\n\n<figure class=\"wp-block-image size-full\"><img loading=\"lazy\" decoding=\"async\" width=\"80\" height=\"109\" src=\"https:\/\/djimavic.fi\/wp-content\/uploads\/2022\/02\/Kortit.jpg\" alt=\"\" class=\"wp-image-423\"\/><figcaption class=\"wp-element-caption\">YT<\/figcaption><\/figure>\n\n\n\n<p>Ari Savolainen<\/p>\n","protected":false},"excerpt":{"rendered":"<p>P\u00e4ivitetty 6.1.2025 Kuvattu 4K\/MP4 H.264. Katsottavat HD laadut: 1080p\/1440p\/2160p Espoon kaupungintalon varsinainen purkaminen alkoi t\u00e4n\u00e4\u00e4n torstaina 18.8.2022 julkisivup\u00e4\u00e4dyst\u00e4 kuten aiemmin kerroin tapahtuvaksi, eik\u00e4 t\u00e4st\u00e4 ole &hellip;<\/p>\n","protected":false},"author":1,"featured_media":0,"comment_status":"closed","ping_status":"closed","sticky":false,"template":"","format":"standard","meta":{"footnotes":""},"categories":[1],"tags":[],"class_list":["post-711","post","type-post","status-publish","format-standard","hentry","category-mavic"],"_links":{"self":[{"href":"https:\/\/djimavic.fi\/index.php\/wp-json\/wp\/v2\/posts\/711","targetHints":{"allow":["GET"]}}],"collection":[{"href":"https:\/\/djimavic.fi\/index.php\/wp-json\/wp\/v2\/posts"}],"about":[{"href":"https:\/\/djimavic.fi\/index.php\/wp-json\/wp\/v2\/types\/post"}],"author":[{"embeddable":true,"href":"https:\/\/djimavic.fi\/index.php\/wp-json\/wp\/v2\/users\/1"}],"replies":[{"embeddable":true,"href":"https:\/\/djimavic.fi\/index.php\/wp-json\/wp\/v2\/comments?post=711"}],"version-history":[{"count":18,"href":"https:\/\/djimavic.fi\/index.php\/wp-json\/wp\/v2\/posts\/711\/revisions"}],"predecessor-version":[{"id":1655,"href":"https:\/\/djimavic.fi\/index.php\/wp-json\/wp\/v2\/posts\/711\/revisions\/1655"}],"wp:attachment":[{"href":"https:\/\/djimavic.fi\/index.php\/wp-json\/wp\/v2\/media?parent=711"}],"wp:term":[{"taxonomy":"category","embeddable":true,"href":"https:\/\/djimavic.fi\/index.php\/wp-json\/wp\/v2\/categories?post=711"},{"taxonomy":"post_tag","embeddable":true,"href":"https:\/\/djimavic.fi\/index.php\/wp-json\/wp\/v2\/tags?post=711"}],"curies":[{"name":"wp","href":"https:\/\/api.w.org\/{rel}","templated":true}]}}