{"id":638,"date":"2022-07-12T05:38:41","date_gmt":"2022-07-12T05:38:41","guid":{"rendered":"https:\/\/djimavic.fi\/?p=638"},"modified":"2025-01-06T07:31:38","modified_gmt":"2025-01-06T07:31:38","slug":"mannerheimin-ratsastajapatsas","status":"publish","type":"post","link":"https:\/\/djimavic.fi\/index.php\/2022\/07\/12\/mannerheimin-ratsastajapatsas\/","title":{"rendered":"Mannerheimin ratsastajapatsas"},"content":{"rendered":"\n<p>Kuvattu 4K\/MP4 H.264. Katsottavat HD laadut: 1080p\/1440p\/2160p<\/p>\n\n\n\n<p>Marsalkka Mannerheimin ratsastajapatsas Helsingiss\u00e4 on kuvanveist\u00e4j\u00e4 Aimo Tukiaisen veist\u00e4m\u00e4 monumentti, jossa Suomen marsalkka Carl Gustaf Emil Mannerheim istuu hevosensa sel\u00e4ss\u00e4. Se sijaitsee marsalkan nimikkokadulla Mannerheimintiell\u00e4 Helsingiss\u00e4. Patsas paljastettiin 4. kes\u00e4kuuta 1960 Mannerheimin syntym\u00e4p\u00e4iv\u00e4n\u00e4.<\/p>\n\n\n\n<p><a href=\"https:\/\/fi.wikipedia.org\/wiki\/Marsalkka_Mannerheimin_ratsastajapatsas\">Wikipedia<\/a><\/p>\n\n\n\n<figure class=\"wp-block-embed is-type-video is-provider-youtube wp-block-embed-youtube wp-embed-aspect-16-9 wp-has-aspect-ratio\"><div class=\"wp-block-embed__wrapper\">\n<iframe loading=\"lazy\" title=\"Mannerheimin ratsastajapatsas\" width=\"760\" height=\"428\" src=\"https:\/\/www.youtube.com\/embed\/l0dpA97wECI?feature=oembed\" frameborder=\"0\" allow=\"accelerometer; autoplay; clipboard-write; encrypted-media; gyroscope; picture-in-picture; web-share\" referrerpolicy=\"strict-origin-when-cross-origin\" allowfullscreen><\/iframe>\n<\/div><figcaption class=\"wp-element-caption\">Mavic 2 Pro<\/figcaption><\/figure>\n\n\n\n<p><\/p>\n\n\n\n<figure class=\"wp-block-image size-large\"><img loading=\"lazy\" decoding=\"async\" width=\"1024\" height=\"683\" src=\"https:\/\/djimavic.fi\/wp-content\/uploads\/2022\/07\/M-1024x683.jpg\" alt=\"\" class=\"wp-image-639\" srcset=\"https:\/\/djimavic.fi\/wp-content\/uploads\/2022\/07\/M-1024x683.jpg 1024w, https:\/\/djimavic.fi\/wp-content\/uploads\/2022\/07\/M-300x200.jpg 300w, https:\/\/djimavic.fi\/wp-content\/uploads\/2022\/07\/M-768x512.jpg 768w, https:\/\/djimavic.fi\/wp-content\/uploads\/2022\/07\/M-421x281.jpg 421w, https:\/\/djimavic.fi\/wp-content\/uploads\/2022\/07\/M.jpg 1200w\" sizes=\"auto, (max-width: 1024px) 100vw, 1024px\" \/><figcaption class=\"wp-element-caption\">DJI Mavic 2 Pro\/Ari Savolainen<\/figcaption><\/figure>\n\n\n\n<figure class=\"wp-block-image size-full\"><img loading=\"lazy\" decoding=\"async\" width=\"80\" height=\"109\" src=\"https:\/\/djimavic.fi\/wp-content\/uploads\/2022\/02\/Kortit.jpg\" alt=\"\" class=\"wp-image-423\"\/><figcaption class=\"wp-element-caption\">YT<\/figcaption><\/figure>\n\n\n\n<p>Ari Savolainen<\/p>\n","protected":false},"excerpt":{"rendered":"<p>Kuvattu 4K\/MP4 H.264. Katsottavat HD laadut: 1080p\/1440p\/2160p Marsalkka Mannerheimin ratsastajapatsas Helsingiss\u00e4 on kuvanveist\u00e4j\u00e4 Aimo Tukiaisen veist\u00e4m\u00e4 monumentti, jossa Suomen marsalkka Carl Gustaf Emil Mannerheim istuu &hellip;<\/p>\n","protected":false},"author":1,"featured_media":0,"comment_status":"closed","ping_status":"closed","sticky":false,"template":"","format":"standard","meta":{"footnotes":""},"categories":[1],"tags":[],"class_list":["post-638","post","type-post","status-publish","format-standard","hentry","category-mavic"],"_links":{"self":[{"href":"https:\/\/djimavic.fi\/index.php\/wp-json\/wp\/v2\/posts\/638","targetHints":{"allow":["GET"]}}],"collection":[{"href":"https:\/\/djimavic.fi\/index.php\/wp-json\/wp\/v2\/posts"}],"about":[{"href":"https:\/\/djimavic.fi\/index.php\/wp-json\/wp\/v2\/types\/post"}],"author":[{"embeddable":true,"href":"https:\/\/djimavic.fi\/index.php\/wp-json\/wp\/v2\/users\/1"}],"replies":[{"embeddable":true,"href":"https:\/\/djimavic.fi\/index.php\/wp-json\/wp\/v2\/comments?post=638"}],"version-history":[{"count":3,"href":"https:\/\/djimavic.fi\/index.php\/wp-json\/wp\/v2\/posts\/638\/revisions"}],"predecessor-version":[{"id":1648,"href":"https:\/\/djimavic.fi\/index.php\/wp-json\/wp\/v2\/posts\/638\/revisions\/1648"}],"wp:attachment":[{"href":"https:\/\/djimavic.fi\/index.php\/wp-json\/wp\/v2\/media?parent=638"}],"wp:term":[{"taxonomy":"category","embeddable":true,"href":"https:\/\/djimavic.fi\/index.php\/wp-json\/wp\/v2\/categories?post=638"},{"taxonomy":"post_tag","embeddable":true,"href":"https:\/\/djimavic.fi\/index.php\/wp-json\/wp\/v2\/tags?post=638"}],"curies":[{"name":"wp","href":"https:\/\/api.w.org\/{rel}","templated":true}]}}