{"id":588,"date":"2022-07-04T09:19:36","date_gmt":"2022-07-04T09:19:36","guid":{"rendered":"https:\/\/djimavic.fi\/?p=588"},"modified":"2023-06-24T09:51:55","modified_gmt":"2023-06-24T09:51:55","slug":"vittraskin-kalliomaalaukset-360","status":"publish","type":"post","link":"https:\/\/djimavic.fi\/index.php\/2022\/07\/04\/vittraskin-kalliomaalaukset-360\/","title":{"rendered":"Vittr\u00e4skin kalliomaalaukset 360"},"content":{"rendered":"\n<p>Kirkkonummen Vittr\u00e4skiss\u00e4 on kalliomaalauksia noin 20 km Helsingist\u00e4 l\u00e4nteen. Maalauksia ymp\u00e4r\u00f6iv\u00e4ll\u00e4 kalliolla on leve\u00e4 luonnon terassi, jossa kivikaudenajan ihmiset ovat ennen muinoin oleilleet.<\/p>\n\n\n\n<p>Kalliomaalaukset ovat ensimm\u00e4isi\u00e4 Suomesta l\u00f6ydettyj\u00e4 kalliomaalauksia. Maalaukset l\u00f6ysi vuonna 1911 Johan Christian Julius \u201dJean\u201d Sibelius.<\/p>\n\n\n\n<p>Maalauksille p\u00e4\u00e4st\u00e4kseen pit\u00e4\u00e4 laskeutua kalliolta alas, reitille on tallautunut vuosikymmenien saatossa polku jota seuraamalla l\u00f6yt\u00e4\u00e4 perille.<\/p>\n\n\n\n<p>Maalauksille on hiukan hankala l\u00f6yt\u00e4\u00e4, mutta perill\u00e4 p\u00e4\u00e4sty\u00e4 odottaa jylh\u00e4t maisemat. Maalaustasanteella kun yksin istuu, voi kuvitella kivikaudenajan ihmisten l\u00e4sn\u00e4olon.<\/p>\n\n\n\n<p>Samantapaisia kalliomaalauksia l\u00f6ytyy Norjan Altasta ja niiss\u00e4 on rakenteeltaan samanlainen verkkokuvio. Norjan vastaavanlaiset kalliomaalaukset on ajoitettu 3300\u20131800 ennen ajanlaskun alkua. Kirkkonummen Vittr\u00e4skiss\u00e4 olevalle kalliomaalauksille ei ole jostain syyst\u00e4 ajoitettu t\u00e4sm\u00e4llist\u00e4 ik\u00e4\u00e4.<\/p>\n\n\n\n<p>Kalliomaalaukset sijaitsee noin 37 metri\u00e4 merenpinnan yl\u00e4puolella ja niiden paikka oli kivikaudenaikaan rannan tasolla. L\u00e4hist\u00f6lt\u00e4 on l\u00f6ydetty useita muinaisj\u00e4\u00e4nn\u00f6ksi\u00e4, joiden kytkent\u00e4 kallionmaalauksiin on ep\u00e4varmaa, koska maalauksille ei ole voitu tehd\u00e4 tarkkaa i\u00e4nm\u00e4\u00e4rityst\u00e4.<\/p>\n\n\n\n<p>T\u00e4n\u00e4\u00e4n pohdiskelin tuolla, mit\u00e4 nuo muinaisaikojen ihmiset itsest\u00e4\u00e4n, el\u00e4m\u00e4st\u00e4\u00e4n ja kuolemastaan ajattelivat. Kivikaudella kun ei ollut kirkkoja ja lapsina mieliin koodattuja uskontoon liittyvi\u00e4 teesej\u00e4 joilla yhteiskunta nyky\u00e4\u00e4n pit\u00e4\u00e4 ihmisi\u00e4 moraalipannassa.<\/p>\n\n\n\n<p><strong>Facebook<\/strong>: 360 <a rel=\"noreferrer noopener\" href=\"https:\/\/www.facebook.com\/photo?fbid=10224929530678497\" target=\"_blank\">panoraama<\/a><\/p>\n\n\n\n<p>360 asteen panoraamakuvat aukeaa suuremmiksi ja tarkemmiksi klikkaamalla&nbsp;<strong>VR<\/strong>\u2013 painiketta<\/p>\n\n\n\n<figure style=\"width:1000px;height:500px\" class=\"wp-block-algori-360-image-block-algori-360-image alignundefined\"><a-scene loading-screen=\"enabled: false;\" device-orientation-permission-ui=\"enabled: false\" embedded=\"\"><a-entity camera=\"\" look-controls=\"reverseMouseDrag: true\"><\/a-entity><a-sky src=\"https:\/\/djimavic.fi\/wp-content\/uploads\/2022\/07\/Kivikautinen.jpg\"><\/a-sky><\/a-scene><\/figure>\n\n\n\n<p>DJI Mavic 2 Pro\/Ari Savolainen<\/p>\n\n\n\n<figure class=\"wp-block-image size-large\"><img loading=\"lazy\" decoding=\"async\" width=\"1024\" height=\"683\" src=\"https:\/\/djimavic.fi\/wp-content\/uploads\/2022\/07\/Kivikautinen_0-1024x683.jpg\" alt=\"\" class=\"wp-image-590\" srcset=\"https:\/\/djimavic.fi\/wp-content\/uploads\/2022\/07\/Kivikautinen_0-1024x683.jpg 1024w, https:\/\/djimavic.fi\/wp-content\/uploads\/2022\/07\/Kivikautinen_0-300x200.jpg 300w, https:\/\/djimavic.fi\/wp-content\/uploads\/2022\/07\/Kivikautinen_0-768x512.jpg 768w, https:\/\/djimavic.fi\/wp-content\/uploads\/2022\/07\/Kivikautinen_0-421x281.jpg 421w, https:\/\/djimavic.fi\/wp-content\/uploads\/2022\/07\/Kivikautinen_0.jpg 1200w\" sizes=\"auto, (max-width: 1024px) 100vw, 1024px\" \/><figcaption class=\"wp-element-caption\">DJI Mavic 2 Pro\/Ari Savolainen<\/figcaption><\/figure>\n\n\n\n<figure class=\"wp-block-image size-large\"><img loading=\"lazy\" decoding=\"async\" width=\"1024\" height=\"683\" src=\"https:\/\/djimavic.fi\/wp-content\/uploads\/2022\/07\/Kivikautinen_1-1024x683.jpg\" alt=\"\" class=\"wp-image-591\" srcset=\"https:\/\/djimavic.fi\/wp-content\/uploads\/2022\/07\/Kivikautinen_1-1024x683.jpg 1024w, https:\/\/djimavic.fi\/wp-content\/uploads\/2022\/07\/Kivikautinen_1-300x200.jpg 300w, https:\/\/djimavic.fi\/wp-content\/uploads\/2022\/07\/Kivikautinen_1-768x512.jpg 768w, https:\/\/djimavic.fi\/wp-content\/uploads\/2022\/07\/Kivikautinen_1-421x281.jpg 421w, https:\/\/djimavic.fi\/wp-content\/uploads\/2022\/07\/Kivikautinen_1.jpg 1200w\" sizes=\"auto, (max-width: 1024px) 100vw, 1024px\" \/><figcaption class=\"wp-element-caption\">DJI Mavic 2 Pro\/Ari Savolainen<\/figcaption><\/figure>\n\n\n\n<figure class=\"wp-block-image size-large\"><img loading=\"lazy\" decoding=\"async\" width=\"1024\" height=\"683\" src=\"https:\/\/djimavic.fi\/wp-content\/uploads\/2022\/07\/Kivikautinen_3-1024x683.jpg\" alt=\"\" class=\"wp-image-592\" srcset=\"https:\/\/djimavic.fi\/wp-content\/uploads\/2022\/07\/Kivikautinen_3-1024x683.jpg 1024w, https:\/\/djimavic.fi\/wp-content\/uploads\/2022\/07\/Kivikautinen_3-300x200.jpg 300w, https:\/\/djimavic.fi\/wp-content\/uploads\/2022\/07\/Kivikautinen_3-768x512.jpg 768w, https:\/\/djimavic.fi\/wp-content\/uploads\/2022\/07\/Kivikautinen_3-421x281.jpg 421w, https:\/\/djimavic.fi\/wp-content\/uploads\/2022\/07\/Kivikautinen_3.jpg 1200w\" sizes=\"auto, (max-width: 1024px) 100vw, 1024px\" \/><figcaption class=\"wp-element-caption\">DJI Mavic 2 Pro\/Ari Savolainen<\/figcaption><\/figure>\n\n\n\n<figure class=\"wp-block-image size-large\"><img loading=\"lazy\" decoding=\"async\" width=\"1024\" height=\"683\" src=\"https:\/\/djimavic.fi\/wp-content\/uploads\/2022\/07\/Kivikautinen_2-1024x683.jpg\" alt=\"\" class=\"wp-image-593\" srcset=\"https:\/\/djimavic.fi\/wp-content\/uploads\/2022\/07\/Kivikautinen_2-1024x683.jpg 1024w, https:\/\/djimavic.fi\/wp-content\/uploads\/2022\/07\/Kivikautinen_2-300x200.jpg 300w, https:\/\/djimavic.fi\/wp-content\/uploads\/2022\/07\/Kivikautinen_2-768x512.jpg 768w, https:\/\/djimavic.fi\/wp-content\/uploads\/2022\/07\/Kivikautinen_2-421x281.jpg 421w, https:\/\/djimavic.fi\/wp-content\/uploads\/2022\/07\/Kivikautinen_2.jpg 1200w\" sizes=\"auto, (max-width: 1024px) 100vw, 1024px\" \/><figcaption class=\"wp-element-caption\">DJI Mavic 2 Pro\/Ari Savolainen<\/figcaption><\/figure>\n\n\n\n<figure class=\"wp-block-image size-large\"><img loading=\"lazy\" decoding=\"async\" width=\"1024\" height=\"683\" src=\"https:\/\/djimavic.fi\/wp-content\/uploads\/2022\/07\/Kivikautinen_4-1024x683.jpg\" alt=\"\" class=\"wp-image-594\" srcset=\"https:\/\/djimavic.fi\/wp-content\/uploads\/2022\/07\/Kivikautinen_4-1024x683.jpg 1024w, https:\/\/djimavic.fi\/wp-content\/uploads\/2022\/07\/Kivikautinen_4-300x200.jpg 300w, https:\/\/djimavic.fi\/wp-content\/uploads\/2022\/07\/Kivikautinen_4-768x512.jpg 768w, https:\/\/djimavic.fi\/wp-content\/uploads\/2022\/07\/Kivikautinen_4-421x281.jpg 421w, https:\/\/djimavic.fi\/wp-content\/uploads\/2022\/07\/Kivikautinen_4.jpg 1200w\" sizes=\"auto, (max-width: 1024px) 100vw, 1024px\" \/><figcaption class=\"wp-element-caption\">DJI Mavic 2 Pro\/Ari Savolainen<\/figcaption><\/figure>\n\n\n\n<figure class=\"wp-block-image size-large\"><img loading=\"lazy\" decoding=\"async\" width=\"1024\" height=\"576\" src=\"https:\/\/djimavic.fi\/wp-content\/uploads\/2022\/07\/Kivikausi-1-1024x576.jpg\" alt=\"\" class=\"wp-image-616\" srcset=\"https:\/\/djimavic.fi\/wp-content\/uploads\/2022\/07\/Kivikausi-1-1024x576.jpg 1024w, https:\/\/djimavic.fi\/wp-content\/uploads\/2022\/07\/Kivikausi-1-300x169.jpg 300w, https:\/\/djimavic.fi\/wp-content\/uploads\/2022\/07\/Kivikausi-1-768x432.jpg 768w, https:\/\/djimavic.fi\/wp-content\/uploads\/2022\/07\/Kivikausi-1-421x237.jpg 421w, https:\/\/djimavic.fi\/wp-content\/uploads\/2022\/07\/Kivikausi-1.jpg 1200w\" sizes=\"auto, (max-width: 1024px) 100vw, 1024px\" \/><figcaption class=\"wp-element-caption\">Ari Savolainen Sony A6000<\/figcaption><\/figure>\n\n\n\n<p><\/p>\n\n\n\n<figure class=\"wp-block-image size-full\"><img loading=\"lazy\" decoding=\"async\" width=\"80\" height=\"109\" src=\"https:\/\/djimavic.fi\/wp-content\/uploads\/2022\/02\/Kortit.jpg\" alt=\"\" class=\"wp-image-423\"\/><figcaption class=\"wp-element-caption\">YT<\/figcaption><\/figure>\n\n\n\n<p>Ari Savolainen<\/p>\n","protected":false},"excerpt":{"rendered":"<p>Kirkkonummen Vittr\u00e4skiss\u00e4 on kalliomaalauksia noin 20 km Helsingist\u00e4 l\u00e4nteen. Maalauksia ymp\u00e4r\u00f6iv\u00e4ll\u00e4 kalliolla on leve\u00e4 luonnon terassi, jossa kivikaudenajan ihmiset ovat ennen muinoin oleilleet. Kalliomaalaukset ovat &hellip;<\/p>\n","protected":false},"author":1,"featured_media":0,"comment_status":"closed","ping_status":"closed","sticky":false,"template":"","format":"standard","meta":{"footnotes":""},"categories":[1],"tags":[],"class_list":["post-588","post","type-post","status-publish","format-standard","hentry","category-mavic"],"_links":{"self":[{"href":"https:\/\/djimavic.fi\/index.php\/wp-json\/wp\/v2\/posts\/588","targetHints":{"allow":["GET"]}}],"collection":[{"href":"https:\/\/djimavic.fi\/index.php\/wp-json\/wp\/v2\/posts"}],"about":[{"href":"https:\/\/djimavic.fi\/index.php\/wp-json\/wp\/v2\/types\/post"}],"author":[{"embeddable":true,"href":"https:\/\/djimavic.fi\/index.php\/wp-json\/wp\/v2\/users\/1"}],"replies":[{"embeddable":true,"href":"https:\/\/djimavic.fi\/index.php\/wp-json\/wp\/v2\/comments?post=588"}],"version-history":[{"count":16,"href":"https:\/\/djimavic.fi\/index.php\/wp-json\/wp\/v2\/posts\/588\/revisions"}],"predecessor-version":[{"id":1101,"href":"https:\/\/djimavic.fi\/index.php\/wp-json\/wp\/v2\/posts\/588\/revisions\/1101"}],"wp:attachment":[{"href":"https:\/\/djimavic.fi\/index.php\/wp-json\/wp\/v2\/media?parent=588"}],"wp:term":[{"taxonomy":"category","embeddable":true,"href":"https:\/\/djimavic.fi\/index.php\/wp-json\/wp\/v2\/categories?post=588"},{"taxonomy":"post_tag","embeddable":true,"href":"https:\/\/djimavic.fi\/index.php\/wp-json\/wp\/v2\/tags?post=588"}],"curies":[{"name":"wp","href":"https:\/\/api.w.org\/{rel}","templated":true}]}}