{"id":457,"date":"2022-05-14T15:06:07","date_gmt":"2022-05-14T15:06:07","guid":{"rendered":"https:\/\/djimavic.fi\/?p=457"},"modified":"2025-01-06T06:56:14","modified_gmt":"2025-01-06T06:56:14","slug":"haapajarven-puukirkko","status":"publish","type":"post","link":"https:\/\/djimavic.fi\/index.php\/2022\/05\/14\/haapajarven-puukirkko\/","title":{"rendered":"Haapaj\u00e4rven puukirkko"},"content":{"rendered":"\n<p>Kuvattu 4K\/MP4 H.264. Katsottavat HD laadut: 1080p\/1440p\/2160p<\/p>\n\n\n\n<p>K\u00e4ytiin t\u00e4n\u00e4\u00e4n kuvaamassa nuorimman tytt\u00e4reni kanssa Haapaj\u00e4rven 200- vuotta vanha puukirkko.<\/p>\n\n\n\n<p>Nuorin tytt\u00e4reni on my\u00f6s kouluttautunut ja kaikki luvat hankkinut Drone -operaattori ja videokuvaaja.<\/p>\n\n\n\n<p>Haapaj\u00e4rven kirkko on Kirkkonummen Haapaj\u00e4rvell\u00e4 oleva Kirkkonummen seurakuntayhtym\u00e4n kirkko. Se on p\u00e4\u00e4tytornillinen ristikirkko.<\/p>\n\n\n\n<p>T\u00e4m\u00e4 pieni punamullattu kyl\u00e4kirkko on alun perin rakennettu pit\u00e4j\u00e4n kaukaisten pohjoisosien suomalaisten kirkoksi.<\/p>\n\n\n\n<p>Haapaj\u00e4rven kyl\u00e4kirkko on suosittu h\u00e4\u00e4- ja kastekirkko ainutlaatuisen tunnelmansa ansiosta. Jykev\u00e4t hirsisein\u00e4t ja kyl\u00e4l\u00e4isten lahjoittamat esineet ja taideteokset tuovat historian l\u00e4helle. Nykyinen kirkko on palvellut seurakuntalaisia vuodesta 1823 l\u00e4htien. Kirkossa on istumapaikkoja 250 henkil\u00f6lle.<\/p>\n\n\n\n<p>L\u00e4hteet: WP ja KSS<\/p>\n\n\n\n<figure class=\"wp-block-embed is-type-video is-provider-youtube wp-block-embed-youtube wp-embed-aspect-16-9 wp-has-aspect-ratio\"><div class=\"wp-block-embed__wrapper\">\n<iframe loading=\"lazy\" title=\"Haapaj\u00e4rven kirkko\" width=\"760\" height=\"428\" src=\"https:\/\/www.youtube.com\/embed\/ojPKuQYZG38?feature=oembed\" frameborder=\"0\" allow=\"accelerometer; autoplay; clipboard-write; encrypted-media; gyroscope; picture-in-picture; web-share\" referrerpolicy=\"strict-origin-when-cross-origin\" allowfullscreen><\/iframe>\n<\/div><figcaption class=\"wp-element-caption\">Mavic 2 Pro<\/figcaption><\/figure>\n\n\n\n<figure class=\"wp-block-image size-large\"><img loading=\"lazy\" decoding=\"async\" width=\"1024\" height=\"576\" src=\"https:\/\/djimavic.fi\/wp-content\/uploads\/2022\/05\/Kir_1-1024x576.jpg\" alt=\"\" class=\"wp-image-458\" srcset=\"https:\/\/djimavic.fi\/wp-content\/uploads\/2022\/05\/Kir_1-1024x576.jpg 1024w, https:\/\/djimavic.fi\/wp-content\/uploads\/2022\/05\/Kir_1-300x169.jpg 300w, https:\/\/djimavic.fi\/wp-content\/uploads\/2022\/05\/Kir_1-768x432.jpg 768w, https:\/\/djimavic.fi\/wp-content\/uploads\/2022\/05\/Kir_1-1536x864.jpg 1536w, https:\/\/djimavic.fi\/wp-content\/uploads\/2022\/05\/Kir_1-2048x1152.jpg 2048w, https:\/\/djimavic.fi\/wp-content\/uploads\/2022\/05\/Kir_1-421x237.jpg 421w\" sizes=\"auto, (max-width: 1024px) 100vw, 1024px\" \/><figcaption class=\"wp-element-caption\">Sony A6000\/SJ<\/figcaption><\/figure>\n\n\n\n<figure class=\"wp-block-image size-large\"><img loading=\"lazy\" decoding=\"async\" width=\"1024\" height=\"683\" src=\"https:\/\/djimavic.fi\/wp-content\/uploads\/2022\/05\/Kir_2-1024x683.jpg\" alt=\"\" class=\"wp-image-459\" srcset=\"https:\/\/djimavic.fi\/wp-content\/uploads\/2022\/05\/Kir_2-1024x683.jpg 1024w, https:\/\/djimavic.fi\/wp-content\/uploads\/2022\/05\/Kir_2-300x200.jpg 300w, https:\/\/djimavic.fi\/wp-content\/uploads\/2022\/05\/Kir_2-768x512.jpg 768w, https:\/\/djimavic.fi\/wp-content\/uploads\/2022\/05\/Kir_2-1536x1024.jpg 1536w, https:\/\/djimavic.fi\/wp-content\/uploads\/2022\/05\/Kir_2-2048x1365.jpg 2048w, https:\/\/djimavic.fi\/wp-content\/uploads\/2022\/05\/Kir_2-421x281.jpg 421w\" sizes=\"auto, (max-width: 1024px) 100vw, 1024px\" \/><figcaption class=\"wp-element-caption\">DJI Mavic 2 Pro\/Ari Savolainen<\/figcaption><\/figure>\n\n\n\n<figure class=\"wp-block-image size-full\"><img loading=\"lazy\" decoding=\"async\" width=\"80\" height=\"109\" src=\"https:\/\/djimavic.fi\/wp-content\/uploads\/2022\/02\/Kortit.jpg\" alt=\"\" class=\"wp-image-423\"\/><\/figure>\n\n\n\n<p>YT<\/p>\n\n\n\n<p>Ari Savolainen<\/p>\n","protected":false},"excerpt":{"rendered":"<p>Kuvattu 4K\/MP4 H.264. Katsottavat HD laadut: 1080p\/1440p\/2160p K\u00e4ytiin t\u00e4n\u00e4\u00e4n kuvaamassa nuorimman tytt\u00e4reni kanssa Haapaj\u00e4rven 200- vuotta vanha puukirkko. Nuorin tytt\u00e4reni on my\u00f6s kouluttautunut ja kaikki &hellip;<\/p>\n","protected":false},"author":1,"featured_media":0,"comment_status":"closed","ping_status":"closed","sticky":false,"template":"","format":"standard","meta":{"footnotes":""},"categories":[1],"tags":[],"class_list":["post-457","post","type-post","status-publish","format-standard","hentry","category-mavic"],"_links":{"self":[{"href":"https:\/\/djimavic.fi\/index.php\/wp-json\/wp\/v2\/posts\/457","targetHints":{"allow":["GET"]}}],"collection":[{"href":"https:\/\/djimavic.fi\/index.php\/wp-json\/wp\/v2\/posts"}],"about":[{"href":"https:\/\/djimavic.fi\/index.php\/wp-json\/wp\/v2\/types\/post"}],"author":[{"embeddable":true,"href":"https:\/\/djimavic.fi\/index.php\/wp-json\/wp\/v2\/users\/1"}],"replies":[{"embeddable":true,"href":"https:\/\/djimavic.fi\/index.php\/wp-json\/wp\/v2\/comments?post=457"}],"version-history":[{"count":2,"href":"https:\/\/djimavic.fi\/index.php\/wp-json\/wp\/v2\/posts\/457\/revisions"}],"predecessor-version":[{"id":1636,"href":"https:\/\/djimavic.fi\/index.php\/wp-json\/wp\/v2\/posts\/457\/revisions\/1636"}],"wp:attachment":[{"href":"https:\/\/djimavic.fi\/index.php\/wp-json\/wp\/v2\/media?parent=457"}],"wp:term":[{"taxonomy":"category","embeddable":true,"href":"https:\/\/djimavic.fi\/index.php\/wp-json\/wp\/v2\/categories?post=457"},{"taxonomy":"post_tag","embeddable":true,"href":"https:\/\/djimavic.fi\/index.php\/wp-json\/wp\/v2\/tags?post=457"}],"curies":[{"name":"wp","href":"https:\/\/api.w.org\/{rel}","templated":true}]}}