{"id":439,"date":"2022-04-22T15:17:14","date_gmt":"2022-04-22T15:17:14","guid":{"rendered":"https:\/\/djimavic.fi\/?p=439"},"modified":"2022-05-01T06:33:11","modified_gmt":"2022-05-01T06:33:11","slug":"lento-ja-kuvauslupien-paivitys","status":"publish","type":"post","link":"https:\/\/djimavic.fi\/index.php\/2022\/04\/22\/lento-ja-kuvauslupien-paivitys\/","title":{"rendered":"Lento ja kuvauslupien p\u00e4ivitys"},"content":{"rendered":"\n<p>Oma ja nuorimman tytt\u00e4reni OPS M1-32 ilmailum\u00e4\u00e4r\u00e4yksen mukainen lupa lenn\u00e4tt\u00e4\u00e4 enint\u00e4\u00e4n 3 kg painoista miehitt\u00e4m\u00e4t\u00f6nt\u00e4 ilma-alusta tihe\u00e4sti asutuilla alueilla ilman varoet\u00e4isyyksi\u00e4 sivullisiin ihmisiin on p\u00e4ivitetty t\u00e4m\u00e4n vuoden loppuun.<br><\/p>\n\n\n\n<p>Vastaava OPS M1-32 lupa vuoden 2023 alusta eteenp\u00e4in astuu voimaan automaattisesti ilmailualan yhdistystoiminnan kautta.<\/p>\n\n\n\n<p><strong>Lenn\u00e4tysoikeus perustuu&nbsp;<a rel=\"noreferrer noopener\" href=\"https:\/\/eur-lex.europa.eu\/legal-content\/FI\/TXT\/HTML\/?uri=CELEX:02019R0947-20200606&amp;from=EN#tocId76\" target=\"_blank\">EU:n t\u00e4yt\u00e4nt\u00f6\u00f6npanoasetuksen 2019\/947<\/a>&nbsp;artiklaan 21 kohtaan 3<\/strong>.<\/p>\n\n\n\n<p class=\"has-text-align-left\">Kuvassa Mavic 2 Pro ja Smart Controller<\/p>\n\n\n\n<figure class=\"wp-block-image size-full\"><img loading=\"lazy\" decoding=\"async\" width=\"800\" height=\"470\" src=\"https:\/\/djimavic.fi\/wp-content\/uploads\/2021\/03\/D1.jpg\" alt=\"\" class=\"wp-image-57\" srcset=\"https:\/\/djimavic.fi\/wp-content\/uploads\/2021\/03\/D1.jpg 800w, https:\/\/djimavic.fi\/wp-content\/uploads\/2021\/03\/D1-300x176.jpg 300w, https:\/\/djimavic.fi\/wp-content\/uploads\/2021\/03\/D1-768x451.jpg 768w\" sizes=\"auto, (max-width: 800px) 100vw, 800px\" \/><\/figure>\n\n\n\n<p class=\"has-text-align-left\"><\/p>\n\n\n\n<figure class=\"wp-block-image size-full\"><img loading=\"lazy\" decoding=\"async\" width=\"80\" height=\"109\" src=\"https:\/\/djimavic.fi\/wp-content\/uploads\/2022\/02\/Kortit.jpg\" alt=\"\" class=\"wp-image-423\"\/><\/figure>\n\n\n\n<p>YT<\/p>\n\n\n\n<p>Ari Savolainen<\/p>\n\n\n\n<p><\/p>\n\n\n\n<p><\/p>\n\n\n\n<p><\/p>\n\n\n\n<p><\/p>\n","protected":false},"excerpt":{"rendered":"<p>Oma ja nuorimman tytt\u00e4reni OPS M1-32 ilmailum\u00e4\u00e4r\u00e4yksen mukainen lupa lenn\u00e4tt\u00e4\u00e4 enint\u00e4\u00e4n 3 kg painoista miehitt\u00e4m\u00e4t\u00f6nt\u00e4 ilma-alusta tihe\u00e4sti asutuilla alueilla ilman varoet\u00e4isyyksi\u00e4 sivullisiin ihmisiin on p\u00e4ivitetty &hellip;<\/p>\n","protected":false},"author":1,"featured_media":0,"comment_status":"closed","ping_status":"closed","sticky":false,"template":"","format":"standard","meta":{"footnotes":""},"categories":[1],"tags":[],"class_list":["post-439","post","type-post","status-publish","format-standard","hentry","category-mavic"],"_links":{"self":[{"href":"https:\/\/djimavic.fi\/index.php\/wp-json\/wp\/v2\/posts\/439","targetHints":{"allow":["GET"]}}],"collection":[{"href":"https:\/\/djimavic.fi\/index.php\/wp-json\/wp\/v2\/posts"}],"about":[{"href":"https:\/\/djimavic.fi\/index.php\/wp-json\/wp\/v2\/types\/post"}],"author":[{"embeddable":true,"href":"https:\/\/djimavic.fi\/index.php\/wp-json\/wp\/v2\/users\/1"}],"replies":[{"embeddable":true,"href":"https:\/\/djimavic.fi\/index.php\/wp-json\/wp\/v2\/comments?post=439"}],"version-history":[{"count":4,"href":"https:\/\/djimavic.fi\/index.php\/wp-json\/wp\/v2\/posts\/439\/revisions"}],"predecessor-version":[{"id":444,"href":"https:\/\/djimavic.fi\/index.php\/wp-json\/wp\/v2\/posts\/439\/revisions\/444"}],"wp:attachment":[{"href":"https:\/\/djimavic.fi\/index.php\/wp-json\/wp\/v2\/media?parent=439"}],"wp:term":[{"taxonomy":"category","embeddable":true,"href":"https:\/\/djimavic.fi\/index.php\/wp-json\/wp\/v2\/categories?post=439"},{"taxonomy":"post_tag","embeddable":true,"href":"https:\/\/djimavic.fi\/index.php\/wp-json\/wp\/v2\/tags?post=439"}],"curies":[{"name":"wp","href":"https:\/\/api.w.org\/{rel}","templated":true}]}}