{"id":368,"date":"2021-09-27T13:13:12","date_gmt":"2021-09-27T13:13:12","guid":{"rendered":"https:\/\/djimavic.fi\/?p=368"},"modified":"2021-10-04T03:30:14","modified_gmt":"2021-10-04T03:30:14","slug":"bembolen-koulu-1923-ii","status":"publish","type":"post","link":"https:\/\/djimavic.fi\/index.php\/2021\/09\/27\/bembolen-koulu-1923-ii\/","title":{"rendered":"Bemb\u00f6len koulu (1923) II"},"content":{"rendered":"\n<p>Kuvattu 2.7k\/MP4 H.264. Katsottavat HD laadut: 1080p\/1440p<\/p>\n\n\n\n<p>Video on tytt\u00e4reni kuvaama Mavic mini dronella.<\/p>\n\n\n\n<p>Bemb\u00f6len koulu (1923) on rakennustaiteellisesti arvokas koulurakennus J\u00e4rvenper\u00e4ss\u00e4 Keski-Espoossa historiallisen Kuninkaantien varrella. Sen arkkitehtuurissa on piirteit\u00e4 1920-luvun klassismista ja ruotsalaisesta barokkityylist\u00e4.<\/p>\n\n\n\n<figure class=\"wp-block-embed is-type-video is-provider-youtube wp-block-embed-youtube wp-embed-aspect-16-9 wp-has-aspect-ratio\"><div class=\"wp-block-embed__wrapper\">\n<iframe loading=\"lazy\" title=\"Bemb\u00f6len koulu\" width=\"760\" height=\"428\" src=\"https:\/\/www.youtube.com\/embed\/KwnzEwbsWDc?feature=oembed\" frameborder=\"0\" allow=\"accelerometer; autoplay; clipboard-write; encrypted-media; gyroscope; picture-in-picture\" allowfullscreen><\/iframe>\n<\/div><\/figure>\n\n\n\n<figure class=\"wp-block-image size-large\"><img loading=\"lazy\" decoding=\"async\" width=\"1024\" height=\"576\" src=\"https:\/\/djimavic.fi\/wp-content\/uploads\/2021\/09\/Koulu-1024x576.jpg\" alt=\"\" class=\"wp-image-369\" srcset=\"https:\/\/djimavic.fi\/wp-content\/uploads\/2021\/09\/Koulu-1024x576.jpg 1024w, https:\/\/djimavic.fi\/wp-content\/uploads\/2021\/09\/Koulu-300x169.jpg 300w, https:\/\/djimavic.fi\/wp-content\/uploads\/2021\/09\/Koulu-768x432.jpg 768w, https:\/\/djimavic.fi\/wp-content\/uploads\/2021\/09\/Koulu-421x237.jpg 421w, https:\/\/djimavic.fi\/wp-content\/uploads\/2021\/09\/Koulu.jpg 1200w\" sizes=\"auto, (max-width: 1024px) 100vw, 1024px\" \/><figcaption>Sony A6000<\/figcaption><\/figure>\n\n\n\n<p>YT<\/p>\n\n\n\n<p>Ari Savolainen<\/p>\n","protected":false},"excerpt":{"rendered":"<p>Kuvattu 2.7k\/MP4 H.264. Katsottavat HD laadut: 1080p\/1440p Video on tytt\u00e4reni kuvaama Mavic mini dronella. Bemb\u00f6len koulu (1923) on rakennustaiteellisesti arvokas koulurakennus J\u00e4rvenper\u00e4ss\u00e4 Keski-Espoossa historiallisen Kuninkaantien &hellip;<\/p>\n","protected":false},"author":1,"featured_media":0,"comment_status":"open","ping_status":"open","sticky":false,"template":"","format":"standard","meta":{"footnotes":""},"categories":[1],"tags":[],"class_list":["post-368","post","type-post","status-publish","format-standard","hentry","category-mavic"],"_links":{"self":[{"href":"https:\/\/djimavic.fi\/index.php\/wp-json\/wp\/v2\/posts\/368","targetHints":{"allow":["GET"]}}],"collection":[{"href":"https:\/\/djimavic.fi\/index.php\/wp-json\/wp\/v2\/posts"}],"about":[{"href":"https:\/\/djimavic.fi\/index.php\/wp-json\/wp\/v2\/types\/post"}],"author":[{"embeddable":true,"href":"https:\/\/djimavic.fi\/index.php\/wp-json\/wp\/v2\/users\/1"}],"replies":[{"embeddable":true,"href":"https:\/\/djimavic.fi\/index.php\/wp-json\/wp\/v2\/comments?post=368"}],"version-history":[{"count":1,"href":"https:\/\/djimavic.fi\/index.php\/wp-json\/wp\/v2\/posts\/368\/revisions"}],"predecessor-version":[{"id":370,"href":"https:\/\/djimavic.fi\/index.php\/wp-json\/wp\/v2\/posts\/368\/revisions\/370"}],"wp:attachment":[{"href":"https:\/\/djimavic.fi\/index.php\/wp-json\/wp\/v2\/media?parent=368"}],"wp:term":[{"taxonomy":"category","embeddable":true,"href":"https:\/\/djimavic.fi\/index.php\/wp-json\/wp\/v2\/categories?post=368"},{"taxonomy":"post_tag","embeddable":true,"href":"https:\/\/djimavic.fi\/index.php\/wp-json\/wp\/v2\/tags?post=368"}],"curies":[{"name":"wp","href":"https:\/\/api.w.org\/{rel}","templated":true}]}}