{"id":355,"date":"2021-09-07T08:56:47","date_gmt":"2021-09-07T08:56:47","guid":{"rendered":"https:\/\/djimavic.fi\/?p=355"},"modified":"2021-10-04T03:31:26","modified_gmt":"2021-10-04T03:31:26","slug":"lato","status":"publish","type":"post","link":"https:\/\/djimavic.fi\/index.php\/2021\/09\/07\/lato\/","title":{"rendered":"Lato"},"content":{"rendered":"\n<p>Video on kuvattu 4K\/MP4 (Circle mode) \u2013 tilassa. Katsottavat HD laadut: 1080p\/1440p\/2160p<\/p>\n\n\n\n<p>Latojen p\u00e4\u00e4tarkoitus on ollut s\u00e4il\u00f6\u00e4 varastoja talven yli karjalle ja ihmisille. Pelloilta korjatut ja kuivatetut hein\u00e4t ajettiin kes\u00e4ll\u00e4 niittylatoihin ja sitten v\u00e4hitellen talven mittaan hevosreell\u00e4 pihalatoon, josta ne sy\u00f6tettiin kotiel\u00e4imille.<\/p>\n\n\n\n<p>Latoja on rakennettu kaikkialla niill\u00e4 Euroopan alueilla, joilla hein\u00e4\u00e4 on t\u00e4ytynyt varastoida ja hirsi\u00e4 on ollut k\u00e4ytett\u00e4viss\u00e4 rakentamiseen.<\/p>\n\n\n\n<figure class=\"wp-block-embed is-type-video is-provider-youtube wp-block-embed-youtube wp-embed-aspect-16-9 wp-has-aspect-ratio\"><div class=\"wp-block-embed__wrapper\">\n<iframe loading=\"lazy\" title=\"Lato\" width=\"760\" height=\"428\" src=\"https:\/\/www.youtube.com\/embed\/h-w3oWXO430?feature=oembed\" frameborder=\"0\" allow=\"accelerometer; autoplay; clipboard-write; encrypted-media; gyroscope; picture-in-picture\" allowfullscreen><\/iframe>\n<\/div><figcaption>DJI Mavic 2 Pro<\/figcaption><\/figure>\n\n\n\n<figure class=\"wp-block-image size-full\"><img loading=\"lazy\" decoding=\"async\" width=\"900\" height=\"506\" src=\"https:\/\/djimavic.fi\/wp-content\/uploads\/2021\/09\/Lato_1.jpg\" alt=\"\" class=\"wp-image-356\" srcset=\"https:\/\/djimavic.fi\/wp-content\/uploads\/2021\/09\/Lato_1.jpg 900w, https:\/\/djimavic.fi\/wp-content\/uploads\/2021\/09\/Lato_1-300x169.jpg 300w, https:\/\/djimavic.fi\/wp-content\/uploads\/2021\/09\/Lato_1-768x432.jpg 768w, https:\/\/djimavic.fi\/wp-content\/uploads\/2021\/09\/Lato_1-421x237.jpg 421w\" sizes=\"auto, (max-width: 900px) 100vw, 900px\" \/><figcaption>Nuorimman tytt\u00e4reni ottama valokuva (DJI Mavic Mini)<\/figcaption><\/figure>\n\n\n\n<figure class=\"wp-block-image size-full\"><img loading=\"lazy\" decoding=\"async\" width=\"900\" height=\"506\" src=\"https:\/\/djimavic.fi\/wp-content\/uploads\/2021\/09\/Lato_2.jpg\" alt=\"\" class=\"wp-image-357\" srcset=\"https:\/\/djimavic.fi\/wp-content\/uploads\/2021\/09\/Lato_2.jpg 900w, https:\/\/djimavic.fi\/wp-content\/uploads\/2021\/09\/Lato_2-300x169.jpg 300w, https:\/\/djimavic.fi\/wp-content\/uploads\/2021\/09\/Lato_2-768x432.jpg 768w, https:\/\/djimavic.fi\/wp-content\/uploads\/2021\/09\/Lato_2-421x237.jpg 421w\" sizes=\"auto, (max-width: 900px) 100vw, 900px\" \/><figcaption>Nuorimman tytt\u00e4reni ottama valokuva (Sony A6000)<\/figcaption><\/figure>\n\n\n\n<p>YT<\/p>\n\n\n\n<p>Ari Savolainen<\/p>\n","protected":false},"excerpt":{"rendered":"<p>Video on kuvattu 4K\/MP4 (Circle mode) \u2013 tilassa. Katsottavat HD laadut: 1080p\/1440p\/2160p Latojen p\u00e4\u00e4tarkoitus on ollut s\u00e4il\u00f6\u00e4 varastoja talven yli karjalle ja ihmisille. Pelloilta korjatut &hellip;<\/p>\n","protected":false},"author":1,"featured_media":0,"comment_status":"open","ping_status":"open","sticky":false,"template":"","format":"standard","meta":{"footnotes":""},"categories":[1],"tags":[],"class_list":["post-355","post","type-post","status-publish","format-standard","hentry","category-mavic"],"_links":{"self":[{"href":"https:\/\/djimavic.fi\/index.php\/wp-json\/wp\/v2\/posts\/355","targetHints":{"allow":["GET"]}}],"collection":[{"href":"https:\/\/djimavic.fi\/index.php\/wp-json\/wp\/v2\/posts"}],"about":[{"href":"https:\/\/djimavic.fi\/index.php\/wp-json\/wp\/v2\/types\/post"}],"author":[{"embeddable":true,"href":"https:\/\/djimavic.fi\/index.php\/wp-json\/wp\/v2\/users\/1"}],"replies":[{"embeddable":true,"href":"https:\/\/djimavic.fi\/index.php\/wp-json\/wp\/v2\/comments?post=355"}],"version-history":[{"count":1,"href":"https:\/\/djimavic.fi\/index.php\/wp-json\/wp\/v2\/posts\/355\/revisions"}],"predecessor-version":[{"id":358,"href":"https:\/\/djimavic.fi\/index.php\/wp-json\/wp\/v2\/posts\/355\/revisions\/358"}],"wp:attachment":[{"href":"https:\/\/djimavic.fi\/index.php\/wp-json\/wp\/v2\/media?parent=355"}],"wp:term":[{"taxonomy":"category","embeddable":true,"href":"https:\/\/djimavic.fi\/index.php\/wp-json\/wp\/v2\/categories?post=355"},{"taxonomy":"post_tag","embeddable":true,"href":"https:\/\/djimavic.fi\/index.php\/wp-json\/wp\/v2\/tags?post=355"}],"curies":[{"name":"wp","href":"https:\/\/api.w.org\/{rel}","templated":true}]}}