{"id":298,"date":"2021-08-11T05:13:00","date_gmt":"2021-08-11T05:13:00","guid":{"rendered":"https:\/\/djimavic.fi\/?p=298"},"modified":"2021-08-11T05:16:27","modified_gmt":"2021-08-11T05:16:27","slug":"kirkonkymppi","status":"publish","type":"post","link":"https:\/\/djimavic.fi\/index.php\/2021\/08\/11\/kirkonkymppi\/","title":{"rendered":"Kirkonkymppi"},"content":{"rendered":"\n<p>Kuvattu 4K\/MP4 (Circle mode) \u2013 tilassa. Katsottavat HD laadut: 1080p\/1440p\/2160p<\/p>\n\n\n\n<p>Helmikuun kymmenes p\u00e4iv\u00e4 1\/2005 vihittiin k\u00e4ytt\u00f6\u00f6n Kirkonkymppi, Espoon tuomiokirkkoseurakunnan ja Esbo svenska f\u00f6rsamlingin yhteinen virastotalo.<\/p>\n\n\n\n<figure class=\"wp-block-embed is-type-video is-provider-youtube wp-block-embed-youtube wp-embed-aspect-16-9 wp-has-aspect-ratio\"><div class=\"wp-block-embed__wrapper\">\n<iframe loading=\"lazy\" title=\"Kirkonkymppi\" width=\"760\" height=\"428\" src=\"https:\/\/www.youtube.com\/embed\/JBoRT_uJ1RE?feature=oembed\" frameborder=\"0\" allow=\"accelerometer; autoplay; clipboard-write; encrypted-media; gyroscope; picture-in-picture\" allowfullscreen><\/iframe>\n<\/div><figcaption> <span style=\"color:#bdb8b8\" class=\"has-inline-color\">Kirkonkymppi. Kirkkokatu 10<\/span> <\/figcaption><\/figure>\n\n\n\n<p>Alla nuorimman tytt\u00e4reni ottama valokuva mavic minill\u00e4.<\/p>\n\n\n\n<figure class=\"wp-block-image size-large\"><img loading=\"lazy\" decoding=\"async\" width=\"1024\" height=\"576\" src=\"https:\/\/djimavic.fi\/wp-content\/uploads\/2021\/08\/10-1024x576.jpg\" alt=\"\" class=\"wp-image-299\" srcset=\"https:\/\/djimavic.fi\/wp-content\/uploads\/2021\/08\/10-1024x576.jpg 1024w, https:\/\/djimavic.fi\/wp-content\/uploads\/2021\/08\/10-300x169.jpg 300w, https:\/\/djimavic.fi\/wp-content\/uploads\/2021\/08\/10-768x432.jpg 768w, https:\/\/djimavic.fi\/wp-content\/uploads\/2021\/08\/10-1536x864.jpg 1536w, https:\/\/djimavic.fi\/wp-content\/uploads\/2021\/08\/10-421x237.jpg 421w, https:\/\/djimavic.fi\/wp-content\/uploads\/2021\/08\/10.jpg 1600w\" sizes=\"auto, (max-width: 1024px) 100vw, 1024px\" \/><figcaption><span style=\"color:#bdb8b8\" class=\"has-inline-color\">Kirkonkymppi. Kirkkokatu 10<\/span> <\/figcaption><\/figure>\n\n\n\n<p>YT<\/p>\n\n\n\n<p>Ari Savolainen<\/p>\n","protected":false},"excerpt":{"rendered":"<p>Kuvattu 4K\/MP4 (Circle mode) \u2013 tilassa. Katsottavat HD laadut: 1080p\/1440p\/2160p Helmikuun kymmenes p\u00e4iv\u00e4 1\/2005 vihittiin k\u00e4ytt\u00f6\u00f6n Kirkonkymppi, Espoon tuomiokirkkoseurakunnan ja Esbo svenska f\u00f6rsamlingin yhteinen virastotalo. &hellip;<\/p>\n","protected":false},"author":1,"featured_media":0,"comment_status":"open","ping_status":"open","sticky":false,"template":"","format":"standard","meta":{"footnotes":""},"categories":[1],"tags":[],"class_list":["post-298","post","type-post","status-publish","format-standard","hentry","category-mavic"],"_links":{"self":[{"href":"https:\/\/djimavic.fi\/index.php\/wp-json\/wp\/v2\/posts\/298","targetHints":{"allow":["GET"]}}],"collection":[{"href":"https:\/\/djimavic.fi\/index.php\/wp-json\/wp\/v2\/posts"}],"about":[{"href":"https:\/\/djimavic.fi\/index.php\/wp-json\/wp\/v2\/types\/post"}],"author":[{"embeddable":true,"href":"https:\/\/djimavic.fi\/index.php\/wp-json\/wp\/v2\/users\/1"}],"replies":[{"embeddable":true,"href":"https:\/\/djimavic.fi\/index.php\/wp-json\/wp\/v2\/comments?post=298"}],"version-history":[{"count":2,"href":"https:\/\/djimavic.fi\/index.php\/wp-json\/wp\/v2\/posts\/298\/revisions"}],"predecessor-version":[{"id":301,"href":"https:\/\/djimavic.fi\/index.php\/wp-json\/wp\/v2\/posts\/298\/revisions\/301"}],"wp:attachment":[{"href":"https:\/\/djimavic.fi\/index.php\/wp-json\/wp\/v2\/media?parent=298"}],"wp:term":[{"taxonomy":"category","embeddable":true,"href":"https:\/\/djimavic.fi\/index.php\/wp-json\/wp\/v2\/categories?post=298"},{"taxonomy":"post_tag","embeddable":true,"href":"https:\/\/djimavic.fi\/index.php\/wp-json\/wp\/v2\/tags?post=298"}],"curies":[{"name":"wp","href":"https:\/\/api.w.org\/{rel}","templated":true}]}}