{"id":252,"date":"2021-05-18T15:15:07","date_gmt":"2021-05-18T15:15:07","guid":{"rendered":"https:\/\/djimavic.fi\/?p=252"},"modified":"2021-05-18T15:15:07","modified_gmt":"2021-05-18T15:15:07","slug":"gallen-kallelan-museo","status":"publish","type":"post","link":"https:\/\/djimavic.fi\/index.php\/2021\/05\/18\/gallen-kallelan-museo\/","title":{"rendered":"Gallen-Kallelan Museo"},"content":{"rendered":"\n<p>4K\/MP4 (Circle mode) \u2013 tilassa. Katsottavat HD laadut: 1080p\/1440p\/2160p<\/p>\n\n\n\n<p>Kuvasimme alla olevan 4K videon t\u00e4n\u00e4\u00e4n 18.5.2021 nuorimman tytt\u00e4reni kanssa, joka on innostunut h\u00e4nkin valokuvaamisesta ja ilmakuvauksesta.<\/p>\n\n\n\n<p>Gallen-Kallelan Museo on Tarvasp\u00e4\u00e4ss\u00e4 Espoossa sijaitseva, taidemaalari Akseli Gallen-Kallelan suunnittelema ja vuosina 1911\u20131913 rakennuttama ateljee, joka toimii nyky\u00e4\u00e4n museona. Rakennus sijaitsee Laajalahden pohjoisrannalla l\u00e4hell\u00e4 Turunv\u00e4yl\u00e4\u00e4. WikipediaA https:\/\/fi.wikipedia.org\/wiki\/Gallen-Kallelan_Museo<\/p>\n\n\n\n<p>WikipediA <a href=\"https:\/\/fi.wikipedia.org\/wiki\/Gallen-Kallelan_Museo\">Gallen-Kallelan Museo<\/a><\/p>\n\n\n\n<figure class=\"wp-block-embed is-type-video is-provider-youtube wp-block-embed-youtube wp-embed-aspect-16-9 wp-has-aspect-ratio\"><div class=\"wp-block-embed__wrapper\">\n<iframe loading=\"lazy\" title=\"Gallen-Kallelan Museo\" width=\"760\" height=\"428\" src=\"https:\/\/www.youtube.com\/embed\/0d_NMBFJKGE?feature=oembed\" frameborder=\"0\" allow=\"accelerometer; autoplay; clipboard-write; encrypted-media; gyroscope; picture-in-picture\" allowfullscreen><\/iframe>\n<\/div><\/figure>\n\n\n\n<p>YT<\/p>\n\n\n\n<p>Ari Savolainen<\/p>\n","protected":false},"excerpt":{"rendered":"<p>4K\/MP4 (Circle mode) \u2013 tilassa. Katsottavat HD laadut: 1080p\/1440p\/2160p Kuvasimme alla olevan 4K videon t\u00e4n\u00e4\u00e4n 18.5.2021 nuorimman tytt\u00e4reni kanssa, joka on innostunut h\u00e4nkin valokuvaamisesta ja &hellip;<\/p>\n","protected":false},"author":1,"featured_media":0,"comment_status":"open","ping_status":"open","sticky":false,"template":"","format":"standard","meta":{"footnotes":""},"categories":[1],"tags":[],"class_list":["post-252","post","type-post","status-publish","format-standard","hentry","category-mavic"],"_links":{"self":[{"href":"https:\/\/djimavic.fi\/index.php\/wp-json\/wp\/v2\/posts\/252","targetHints":{"allow":["GET"]}}],"collection":[{"href":"https:\/\/djimavic.fi\/index.php\/wp-json\/wp\/v2\/posts"}],"about":[{"href":"https:\/\/djimavic.fi\/index.php\/wp-json\/wp\/v2\/types\/post"}],"author":[{"embeddable":true,"href":"https:\/\/djimavic.fi\/index.php\/wp-json\/wp\/v2\/users\/1"}],"replies":[{"embeddable":true,"href":"https:\/\/djimavic.fi\/index.php\/wp-json\/wp\/v2\/comments?post=252"}],"version-history":[{"count":1,"href":"https:\/\/djimavic.fi\/index.php\/wp-json\/wp\/v2\/posts\/252\/revisions"}],"predecessor-version":[{"id":253,"href":"https:\/\/djimavic.fi\/index.php\/wp-json\/wp\/v2\/posts\/252\/revisions\/253"}],"wp:attachment":[{"href":"https:\/\/djimavic.fi\/index.php\/wp-json\/wp\/v2\/media?parent=252"}],"wp:term":[{"taxonomy":"category","embeddable":true,"href":"https:\/\/djimavic.fi\/index.php\/wp-json\/wp\/v2\/categories?post=252"},{"taxonomy":"post_tag","embeddable":true,"href":"https:\/\/djimavic.fi\/index.php\/wp-json\/wp\/v2\/tags?post=252"}],"curies":[{"name":"wp","href":"https:\/\/api.w.org\/{rel}","templated":true}]}}