{"id":1899,"date":"2025-07-04T04:48:32","date_gmt":"2025-07-04T04:48:32","guid":{"rendered":"https:\/\/djimavic.fi\/?p=1899"},"modified":"2025-07-04T04:48:32","modified_gmt":"2025-07-04T04:48:32","slug":"topelius-ja-lapset","status":"publish","type":"post","link":"https:\/\/djimavic.fi\/index.php\/2025\/07\/04\/topelius-ja-lapset\/","title":{"rendered":"Topelius ja lapset"},"content":{"rendered":"\n<p><strong>Topelius ja lapset (ver 0.1<\/strong><\/p>\n\n\n\n<p>Topelius ja lapset on Zacharias Topeliuksen muistomerkki Helsingin Kaartinkaupungin Koulupuistikossa. Puistikkoa rajaavat Korkeavuorenkatu, Merimiehenkatu, Yrj\u00f6nkatu ja Ratakatu. Veistos on Ville Vallgrenin k\u00e4sialaa ja se pystytettiin vuonna 1932.<\/p>\n\n\n\n<p>Muistomerkki kuvaa Zacharias Topeliuksen lasten ymp\u00e4r\u00f6im\u00e4n\u00e4, samaan tapaan kuin Emil Wikstr\u00f6m Vaasaan 1915 tekem\u00e4ss\u00e4\u00e4n muistopatsaassa. Koulupuiston muistomerkki edustaa leppoisaa ja perinteist\u00e4 veistotaidetta, kuten monet Vallgrenin 1900-luvun alun veistokset.<\/p>\n\n\n\n<figure class=\"wp-block-embed is-type-rich is-provider-sketchfab wp-block-embed-sketchfab\"><div class=\"wp-block-embed__wrapper\">\n<div class=\"sketchfab-embed-wrapper\">    <iframe loading=\"lazy\" title=\"Topelius ja lapset (ver 0.1\" id=\"\" class=\"\" width=\"760\" height=\"427\" src=\"https:\/\/sketchfab.com\/models\/8d78e7fff69841a8be3c260a3fde478a\/embed\" frameborder=\"0\" allow=\"autoplay; fullscreen; xr-spatial-tracking\" allowfullscreen=\"\" mozallowfullscreen=\"true\" webkitallowfullscreen=\"true\" xr-spatial-tracking=\"true\" execution-while-out-of-viewport=\"true\" execution-while-not-rendered=\"true\" web-share=\"true\"><\/iframe><\/div>\n<\/div><\/figure>\n\n\n\n<p><\/p>\n\n\n\n<p><strong>Topelius ja lapset (ver 0.2<\/strong><\/p>\n\n\n\n<figure class=\"wp-block-embed is-type-rich is-provider-sketchfab wp-block-embed-sketchfab\"><div class=\"wp-block-embed__wrapper\">\n<div class=\"sketchfab-embed-wrapper\">    <iframe loading=\"lazy\" title=\"Topelius ja lapset (ver 0.2\" id=\"\" class=\"\" width=\"760\" height=\"427\" src=\"https:\/\/sketchfab.com\/models\/d2c5857d28f54f26845864a21070cc6c\/embed\" frameborder=\"0\" allow=\"autoplay; fullscreen; xr-spatial-tracking\" allowfullscreen=\"\" mozallowfullscreen=\"true\" webkitallowfullscreen=\"true\" xr-spatial-tracking=\"true\" execution-while-out-of-viewport=\"true\" execution-while-not-rendered=\"true\" web-share=\"true\"><\/iframe><\/div>\n<\/div><\/figure>\n\n\n\n<p><\/p>\n\n\n\n<figure class=\"wp-block-image size-full\"><img loading=\"lazy\" decoding=\"async\" width=\"80\" height=\"109\" src=\"https:\/\/djimavic.fi\/wp-content\/uploads\/2023\/08\/Kortit.jpg\" alt=\"\" class=\"wp-image-1258\"\/><\/figure>\n\n\n\n<p><\/p>\n\n\n\n<p>YT<\/p>\n\n\n\n<p>Ari Savolainen<\/p>\n","protected":false},"excerpt":{"rendered":"<p>Topelius ja lapset (ver 0.1 Topelius ja lapset on Zacharias Topeliuksen muistomerkki Helsingin Kaartinkaupungin Koulupuistikossa. Puistikkoa rajaavat Korkeavuorenkatu, Merimiehenkatu, Yrj\u00f6nkatu ja Ratakatu. Veistos on Ville &hellip;<\/p>\n","protected":false},"author":1,"featured_media":0,"comment_status":"closed","ping_status":"open","sticky":false,"template":"","format":"standard","meta":{"footnotes":""},"categories":[1],"tags":[],"class_list":["post-1899","post","type-post","status-publish","format-standard","hentry","category-mavic"],"_links":{"self":[{"href":"https:\/\/djimavic.fi\/index.php\/wp-json\/wp\/v2\/posts\/1899","targetHints":{"allow":["GET"]}}],"collection":[{"href":"https:\/\/djimavic.fi\/index.php\/wp-json\/wp\/v2\/posts"}],"about":[{"href":"https:\/\/djimavic.fi\/index.php\/wp-json\/wp\/v2\/types\/post"}],"author":[{"embeddable":true,"href":"https:\/\/djimavic.fi\/index.php\/wp-json\/wp\/v2\/users\/1"}],"replies":[{"embeddable":true,"href":"https:\/\/djimavic.fi\/index.php\/wp-json\/wp\/v2\/comments?post=1899"}],"version-history":[{"count":1,"href":"https:\/\/djimavic.fi\/index.php\/wp-json\/wp\/v2\/posts\/1899\/revisions"}],"predecessor-version":[{"id":1900,"href":"https:\/\/djimavic.fi\/index.php\/wp-json\/wp\/v2\/posts\/1899\/revisions\/1900"}],"wp:attachment":[{"href":"https:\/\/djimavic.fi\/index.php\/wp-json\/wp\/v2\/media?parent=1899"}],"wp:term":[{"taxonomy":"category","embeddable":true,"href":"https:\/\/djimavic.fi\/index.php\/wp-json\/wp\/v2\/categories?post=1899"},{"taxonomy":"post_tag","embeddable":true,"href":"https:\/\/djimavic.fi\/index.php\/wp-json\/wp\/v2\/tags?post=1899"}],"curies":[{"name":"wp","href":"https:\/\/api.w.org\/{rel}","templated":true}]}}