{"id":1895,"date":"2025-07-04T04:35:51","date_gmt":"2025-07-04T04:35:51","guid":{"rendered":"https:\/\/djimavic.fi\/?p=1895"},"modified":"2026-03-06T15:02:18","modified_gmt":"2026-03-06T15:02:18","slug":"bartolomeu-dias","status":"publish","type":"post","link":"https:\/\/djimavic.fi\/index.php\/2025\/07\/04\/bartolomeu-dias\/","title":{"rendered":"Bartolomeu Dias"},"content":{"rendered":"\n<p>Portugalin laivaston Bartolomeu Dias F 333 Helsingin Hernesaaressa 20.6.2015 johon se kiinnittyi aamulla kello 9:00<\/p>\n\n\n\n<p>Alankomaat poisti laiva k\u00e4yt\u00f6st\u00e4 20. joulukuuta 2007 ja myi sen Portugalin laivastolle.<\/p>\n\n\n\n<p>Laivan nimi oli alankomaiden omistuksessa Van Nes F 833<\/p>\n\n\n\n<figure class=\"wp-block-image size-large\"><img decoding=\"async\" src=\"https:\/\/scontent-hel3-1.xx.fbcdn.net\/v\/t39.30808-6\/518884677_10234269720097395_7751942895520541278_n.jpg?_nc_cat=105&amp;ccb=1-7&amp;_nc_sid=13d280&amp;_nc_ohc=K-KiVWobIRQQ7kNvwG5FlWP&amp;_nc_oc=AdkbI1C0awWa3h-ruS7vNo785oglnane-aPHkq0MhboFWVCwal_2yhGHMiQZBLiKmoM&amp;_nc_zt=23&amp;_nc_ht=scontent-hel3-1.xx&amp;_nc_gid=uhNH9fJtTj1sNYCRArglBw&amp;_nc_ss=8&amp;oh=00_AfwcFAbn3yWZEpyrcvPXXgtAPKWTNH46lQyqrFPL6g6ZNw&amp;oe=69B0A4DF\" alt=\"\"\/><figcaption class=\"wp-element-caption\">Nikon Coolpix P1000<\/figcaption><\/figure>\n\n\n\n<figure class=\"wp-block-image size-large\"><img decoding=\"async\" src=\"https:\/\/scontent-hel3-1.xx.fbcdn.net\/v\/t39.30808-6\/520185930_10234269779058869_6612200371171051593_n.jpg?_nc_cat=111&amp;ccb=1-7&amp;_nc_sid=13d280&amp;_nc_ohc=EE35Qz4xfKUQ7kNvwGJASbW&amp;_nc_oc=AdlVXFBPnXGY3vlEffk_-8lokH9gZsH1PjdlufnJihGqKJ4fy5Xuu1Vof25Jv5g34_E&amp;_nc_zt=23&amp;_nc_ht=scontent-hel3-1.xx&amp;_nc_gid=GZLSzBvEpiNds8waMp8tZw&amp;_nc_ss=8&amp;oh=00_AfyNwkqXKxuHMWDtn2B8QV3I7hoveIhiFRzlU0To0bT6nQ&amp;oe=69B0BD66\" alt=\"\"\/><figcaption class=\"wp-element-caption\">Nikon Coolpix P1000<\/figcaption><\/figure>\n\n\n\n<figure class=\"wp-block-image size-large\"><img decoding=\"async\" src=\"https:\/\/scontent-hel3-1.xx.fbcdn.net\/v\/t39.30808-6\/520247676_10234269717657334_8122434644261882053_n.jpg?_nc_cat=105&amp;ccb=1-7&amp;_nc_sid=13d280&amp;_nc_ohc=2k2oOP76r0cQ7kNvwEOljAy&amp;_nc_oc=Adn4Np_i9r6XlENeT89N2lLbbdfdXG1Iw9Gu6lMg4ZXkLLKtKKs0NjCkCdWkvkbwtQ0&amp;_nc_zt=23&amp;_nc_ht=scontent-hel3-1.xx&amp;_nc_gid=zH-roo8-Mg8rtK6y_NQ2RA&amp;_nc_ss=8&amp;oh=00_AfyPMM9paa6Iwd4cxMKcgPnxG8HI--ugQxzbSbtAvwnsww&amp;oe=69B0BBB5\" alt=\"\"\/><figcaption class=\"wp-element-caption\">Nikon Coolpix P1000<\/figcaption><\/figure>\n\n\n\n<figure class=\"wp-block-image size-large\"><img decoding=\"async\" src=\"https:\/\/scontent-hel3-1.xx.fbcdn.net\/v\/t39.30808-6\/519958658_10234269747378077_6698583865032500630_n.jpg?_nc_cat=111&amp;ccb=1-7&amp;_nc_sid=13d280&amp;_nc_ohc=9WyMBcW2ugcQ7kNvwFDhxQD&amp;_nc_oc=Adk0xfaOPefvjRVOArRXSOR0M5Uqem7m2qh35agWPXGThYkhP4k_gZLtLnGWwloGxOQ&amp;_nc_zt=23&amp;_nc_ht=scontent-hel3-1.xx&amp;_nc_gid=-Y-JBaWFJnumNjJSZfqvTQ&amp;_nc_ss=8&amp;oh=00_AfwEcmOgm7oAeJGAT5cmhqjcPPxe5SnYVqaH5-jawtYhUw&amp;oe=69B0C36A\" alt=\"\"\/><figcaption class=\"wp-element-caption\">Nikon Coolpix P1000<\/figcaption><\/figure>\n\n\n\n<p>Isot kuvat <a href=\"https:\/\/www.facebook.com\/ari.savolainen.37\/posts\/pfbid0eUMVvyVQfU4ev44Htruz4JpxUinrQB1CBJ9XKeAgsvq61anWL1y2y1ocEYbHRC4gl?locale=fi_FI\">Facebook<\/a><\/p>\n\n\n\n<p><\/p>\n\n\n\n<figure class=\"wp-block-image size-full\"><img loading=\"lazy\" decoding=\"async\" width=\"80\" height=\"109\" src=\"https:\/\/djimavic.fi\/wp-content\/uploads\/2023\/08\/Kortit.jpg\" alt=\"\" class=\"wp-image-1258\"\/><\/figure>\n\n\n\n<p><\/p>\n\n\n\n<p>YT<\/p>\n\n\n\n<p>Ari Savolainen<\/p>\n","protected":false},"excerpt":{"rendered":"<p>Portugalin laivaston Bartolomeu Dias F 333 Helsingin Hernesaaressa 20.6.2015 johon se kiinnittyi aamulla kello 9:00 Alankomaat poisti laiva k\u00e4yt\u00f6st\u00e4 20. joulukuuta 2007 ja myi sen &hellip;<\/p>\n","protected":false},"author":1,"featured_media":0,"comment_status":"closed","ping_status":"open","sticky":false,"template":"","format":"standard","meta":{"footnotes":""},"categories":[1],"tags":[],"class_list":["post-1895","post","type-post","status-publish","format-standard","hentry","category-mavic"],"_links":{"self":[{"href":"https:\/\/djimavic.fi\/index.php\/wp-json\/wp\/v2\/posts\/1895","targetHints":{"allow":["GET"]}}],"collection":[{"href":"https:\/\/djimavic.fi\/index.php\/wp-json\/wp\/v2\/posts"}],"about":[{"href":"https:\/\/djimavic.fi\/index.php\/wp-json\/wp\/v2\/types\/post"}],"author":[{"embeddable":true,"href":"https:\/\/djimavic.fi\/index.php\/wp-json\/wp\/v2\/users\/1"}],"replies":[{"embeddable":true,"href":"https:\/\/djimavic.fi\/index.php\/wp-json\/wp\/v2\/comments?post=1895"}],"version-history":[{"count":4,"href":"https:\/\/djimavic.fi\/index.php\/wp-json\/wp\/v2\/posts\/1895\/revisions"}],"predecessor-version":[{"id":1936,"href":"https:\/\/djimavic.fi\/index.php\/wp-json\/wp\/v2\/posts\/1895\/revisions\/1936"}],"wp:attachment":[{"href":"https:\/\/djimavic.fi\/index.php\/wp-json\/wp\/v2\/media?parent=1895"}],"wp:term":[{"taxonomy":"category","embeddable":true,"href":"https:\/\/djimavic.fi\/index.php\/wp-json\/wp\/v2\/categories?post=1895"},{"taxonomy":"post_tag","embeddable":true,"href":"https:\/\/djimavic.fi\/index.php\/wp-json\/wp\/v2\/tags?post=1895"}],"curies":[{"name":"wp","href":"https:\/\/api.w.org\/{rel}","templated":true}]}}