{"id":1577,"date":"2024-09-26T08:11:05","date_gmt":"2024-09-26T08:11:05","guid":{"rendered":"https:\/\/djimavic.fi\/?p=1577"},"modified":"2024-09-26T08:11:38","modified_gmt":"2024-09-26T08:11:38","slug":"temppeliaukion-kirkko","status":"publish","type":"post","link":"https:\/\/djimavic.fi\/index.php\/2024\/09\/26\/temppeliaukion-kirkko\/","title":{"rendered":"Temppeliaukion kirkko"},"content":{"rendered":"\n<p><strong>Mavic 2 Pro \/ fotogrammetria 3D<\/strong><\/p>\n\n\n\n<p>640 valokuvaa joista on laskettu 13 miljoonan pisteen pilvi, koko laskenta ty\u00f6 piristetylt\u00e4 vanhalta HP Z400 ty\u00f6asemalta 27 tuntia.<\/p>\n\n\n\n<p>WP: Temppeliaukion kirkko on evankelis-luterilaisen T\u00f6\u00f6l\u00f6n seurakunnan kirkko Helsingin ydinkeskustan tuntumassa Etu-T\u00f6\u00f6l\u00f6ss\u00e4. Rakennus on valmistunut 1969. Kallioon louhitun kirkon ovat suunnitelleet Timo ja Tuomo Suomalainen. Kirkossa on 750 istumapaikkaa. Akustisten ominaisuuksiensa ansiosta kirkko on suosittu konserttien pitopaikka.<\/p>\n\n\n\n<figure class=\"wp-block-embed is-type-rich is-provider-sketchfab wp-block-embed-sketchfab\"><div class=\"wp-block-embed__wrapper\">\n<div class=\"sketchfab-embed-wrapper\">    <iframe loading=\"lazy\" title=\"Temppeliaukion Kirkko\" id=\"\" class=\"\" width=\"760\" height=\"427\" src=\"https:\/\/sketchfab.com\/models\/3196833c3c7d4aacaa5c33dbe622ff08\/embed\" frameborder=\"0\" allow=\"autoplay; fullscreen; xr-spatial-tracking\" allowfullscreen=\"\" mozallowfullscreen=\"true\" webkitallowfullscreen=\"true\" xr-spatial-tracking=\"true\" execution-while-out-of-viewport=\"true\" execution-while-not-rendered=\"true\" web-share=\"true\"><\/iframe><\/div>\n<\/div><figcaption class=\"wp-element-caption\">Mavic 2 Pro<\/figcaption><\/figure>\n\n\n\n<p><\/p>\n\n\n\n<figure class=\"wp-block-image size-full\"><img loading=\"lazy\" decoding=\"async\" width=\"80\" height=\"109\" src=\"https:\/\/djimavic.fi\/wp-content\/uploads\/2023\/08\/Kortit.jpg\" alt=\"\" class=\"wp-image-1258\"\/><\/figure>\n\n\n\n<p><\/p>\n\n\n\n<p>YT<\/p>\n\n\n\n<p>Ari Savolainen<\/p>\n","protected":false},"excerpt":{"rendered":"<p>Mavic 2 Pro \/ fotogrammetria 3D 640 valokuvaa joista on laskettu 13 miljoonan pisteen pilvi, koko laskenta ty\u00f6 piristetylt\u00e4 vanhalta HP Z400 ty\u00f6asemalta 27 tuntia. &hellip;<\/p>\n","protected":false},"author":1,"featured_media":0,"comment_status":"closed","ping_status":"open","sticky":false,"template":"","format":"standard","meta":{"footnotes":""},"categories":[1],"tags":[],"class_list":["post-1577","post","type-post","status-publish","format-standard","hentry","category-mavic"],"_links":{"self":[{"href":"https:\/\/djimavic.fi\/index.php\/wp-json\/wp\/v2\/posts\/1577","targetHints":{"allow":["GET"]}}],"collection":[{"href":"https:\/\/djimavic.fi\/index.php\/wp-json\/wp\/v2\/posts"}],"about":[{"href":"https:\/\/djimavic.fi\/index.php\/wp-json\/wp\/v2\/types\/post"}],"author":[{"embeddable":true,"href":"https:\/\/djimavic.fi\/index.php\/wp-json\/wp\/v2\/users\/1"}],"replies":[{"embeddable":true,"href":"https:\/\/djimavic.fi\/index.php\/wp-json\/wp\/v2\/comments?post=1577"}],"version-history":[{"count":2,"href":"https:\/\/djimavic.fi\/index.php\/wp-json\/wp\/v2\/posts\/1577\/revisions"}],"predecessor-version":[{"id":1579,"href":"https:\/\/djimavic.fi\/index.php\/wp-json\/wp\/v2\/posts\/1577\/revisions\/1579"}],"wp:attachment":[{"href":"https:\/\/djimavic.fi\/index.php\/wp-json\/wp\/v2\/media?parent=1577"}],"wp:term":[{"taxonomy":"category","embeddable":true,"href":"https:\/\/djimavic.fi\/index.php\/wp-json\/wp\/v2\/categories?post=1577"},{"taxonomy":"post_tag","embeddable":true,"href":"https:\/\/djimavic.fi\/index.php\/wp-json\/wp\/v2\/tags?post=1577"}],"curies":[{"name":"wp","href":"https:\/\/api.w.org\/{rel}","templated":true}]}}