{"id":1427,"date":"2024-05-04T05:16:23","date_gmt":"2024-05-04T05:16:23","guid":{"rendered":"https:\/\/djimavic.fi\/?p=1427"},"modified":"2024-06-19T15:21:11","modified_gmt":"2024-06-19T15:21:11","slug":"luigi-rizzo","status":"publish","type":"post","link":"https:\/\/djimavic.fi\/index.php\/2024\/05\/04\/luigi-rizzo\/","title":{"rendered":"Luigi\u00a0Rizzo"},"content":{"rendered":"\n<p><strong>Italialainen&nbsp;fregatti&nbsp;Luigi&nbsp;Rizzo&nbsp;(F&nbsp;595)&nbsp;Helsingin&nbsp;hernesaaressa&nbsp;2.5.2024<\/strong><\/p>\n\n\n\n<p>Yksityiskohtana kerrottakoon, ett\u00e4 satamakamerat L1 ja L2 on suunnattu vierailun ajaksi siten, etteiv\u00e4t ne n\u00e4yt\u00e4 hernesaaren laiturialuetta.<\/p>\n\n\n\n<p>Lapsellista,&nbsp;niin&nbsp;kovin&nbsp;lapsellista!&nbsp;Hysteerinen&nbsp;syy&nbsp;lienee&nbsp;vakoilu&nbsp;jota&nbsp;pel\u00e4t\u00e4\u00e4n&nbsp;it\u00e4naapurin&nbsp;puolelta.<\/p>\n\n\n\n<p>Web-kamera: L\u00e4nsisatama <a href=\"https:\/\/www.portofhelsinki.fi\/tietoa-meista\/helsingin-satama\/web-kamera-lansisatama-lt1\/\">LT1<\/a><\/p>\n\n\n\n<p>Web-kamera: L\u00e4nsisatama <a href=\"https:\/\/www.portofhelsinki.fi\/tietoa-meista\/helsingin-satama\/web-kamera-lansisatama-lt2\/\">LT2<\/a><\/p>\n\n\n\n<p>Reaaliaikaisten Web-kameroiden kuvasuuntia on rajoitettu laivastovierailujen ajaksi, tai pysyv\u00e4sti. &#8211; sen n\u00e4kee my\u00f6hemmin kun hernesaaressa ei ole NATO -laivoja vierailulla.<\/p>\n\n\n\n<p>Kuten kirjoitin, lapsellista ja merkitykset\u00f6nt\u00e4 sensuuria&#8230;<\/p>\n\n\n\n<iframe loading=\"lazy\" src=\"https:\/\/vk.com\/video_ext.php?oid=836175557&#038;id=456239061&#038;hd=2\" width=\"853\" height=\"480\" allow=\"autoplay; encrypted-media; fullscreen; picture-in-picture; screen-wake-lock;\" frameborder=\"0\" allowfullscreen><\/iframe>\n\n\n\n<p>Alla olevasta kuvasta on poistettu nosturin puomi ja valopylv\u00e4s.<\/p>\n\n\n\n<p>Iso <a href=\"https:\/\/i.ibb.co\/nfTjYhN\/F-595.jpg\">kuva<\/a> (2000 X 929)<\/p>\n\n\n\n<figure class=\"wp-block-image size-large\"><img loading=\"lazy\" decoding=\"async\" width=\"1024\" height=\"476\" src=\"https:\/\/djimavic.fi\/wp-content\/uploads\/2024\/05\/F-595-1024x476.jpg\" alt=\"\" class=\"wp-image-1428\" srcset=\"https:\/\/djimavic.fi\/wp-content\/uploads\/2024\/05\/F-595-1024x476.jpg 1024w, https:\/\/djimavic.fi\/wp-content\/uploads\/2024\/05\/F-595-300x139.jpg 300w, https:\/\/djimavic.fi\/wp-content\/uploads\/2024\/05\/F-595-768x357.jpg 768w, https:\/\/djimavic.fi\/wp-content\/uploads\/2024\/05\/F-595-1536x713.jpg 1536w, https:\/\/djimavic.fi\/wp-content\/uploads\/2024\/05\/F-595-421x196.jpg 421w, https:\/\/djimavic.fi\/wp-content\/uploads\/2024\/05\/F-595.jpg 2000w\" sizes=\"auto, (max-width: 1024px) 100vw, 1024px\" \/><figcaption class=\"wp-element-caption\">Mavic 2 Pro<\/figcaption><\/figure>\n\n\n\n<figure class=\"wp-block-image size-large\"><img loading=\"lazy\" decoding=\"async\" width=\"1024\" height=\"550\" src=\"https:\/\/djimavic.fi\/wp-content\/uploads\/2024\/05\/F-595-2-1024x550.jpg\" alt=\"\" class=\"wp-image-1429\" srcset=\"https:\/\/djimavic.fi\/wp-content\/uploads\/2024\/05\/F-595-2-1024x550.jpg 1024w, https:\/\/djimavic.fi\/wp-content\/uploads\/2024\/05\/F-595-2-300x161.jpg 300w, https:\/\/djimavic.fi\/wp-content\/uploads\/2024\/05\/F-595-2-768x413.jpg 768w, https:\/\/djimavic.fi\/wp-content\/uploads\/2024\/05\/F-595-2-1536x825.jpg 1536w, https:\/\/djimavic.fi\/wp-content\/uploads\/2024\/05\/F-595-2-421x226.jpg 421w, https:\/\/djimavic.fi\/wp-content\/uploads\/2024\/05\/F-595-2.jpg 1765w\" sizes=\"auto, (max-width: 1024px) 100vw, 1024px\" \/><figcaption class=\"wp-element-caption\">Mavic 2 Pro<\/figcaption><\/figure>\n\n\n\n<p><\/p>\n\n\n\n<figure class=\"wp-block-image size-full\"><img loading=\"lazy\" decoding=\"async\" width=\"80\" height=\"109\" src=\"https:\/\/djimavic.fi\/wp-content\/uploads\/2023\/08\/Kortit.jpg\" alt=\"\" class=\"wp-image-1258\"\/><\/figure>\n\n\n\n<p><\/p>\n\n\n\n<p>YT<\/p>\n\n\n\n<p>Ari Savolainen<\/p>\n","protected":false},"excerpt":{"rendered":"<p>Italialainen&nbsp;fregatti&nbsp;Luigi&nbsp;Rizzo&nbsp;(F&nbsp;595)&nbsp;Helsingin&nbsp;hernesaaressa&nbsp;2.5.2024 Yksityiskohtana kerrottakoon, ett\u00e4 satamakamerat L1 ja L2 on suunnattu vierailun ajaksi siten, etteiv\u00e4t ne n\u00e4yt\u00e4 hernesaaren laiturialuetta. Lapsellista,&nbsp;niin&nbsp;kovin&nbsp;lapsellista!&nbsp;Hysteerinen&nbsp;syy&nbsp;lienee&nbsp;vakoilu&nbsp;jota&nbsp;pel\u00e4t\u00e4\u00e4n&nbsp;it\u00e4naapurin&nbsp;puolelta. Web-kamera: L\u00e4nsisatama LT1 Web-kamera: L\u00e4nsisatama LT2 &hellip;<\/p>\n","protected":false},"author":1,"featured_media":0,"comment_status":"closed","ping_status":"closed","sticky":false,"template":"","format":"standard","meta":{"footnotes":""},"categories":[1],"tags":[],"class_list":["post-1427","post","type-post","status-publish","format-standard","hentry","category-mavic"],"_links":{"self":[{"href":"https:\/\/djimavic.fi\/index.php\/wp-json\/wp\/v2\/posts\/1427","targetHints":{"allow":["GET"]}}],"collection":[{"href":"https:\/\/djimavic.fi\/index.php\/wp-json\/wp\/v2\/posts"}],"about":[{"href":"https:\/\/djimavic.fi\/index.php\/wp-json\/wp\/v2\/types\/post"}],"author":[{"embeddable":true,"href":"https:\/\/djimavic.fi\/index.php\/wp-json\/wp\/v2\/users\/1"}],"replies":[{"embeddable":true,"href":"https:\/\/djimavic.fi\/index.php\/wp-json\/wp\/v2\/comments?post=1427"}],"version-history":[{"count":5,"href":"https:\/\/djimavic.fi\/index.php\/wp-json\/wp\/v2\/posts\/1427\/revisions"}],"predecessor-version":[{"id":1477,"href":"https:\/\/djimavic.fi\/index.php\/wp-json\/wp\/v2\/posts\/1427\/revisions\/1477"}],"wp:attachment":[{"href":"https:\/\/djimavic.fi\/index.php\/wp-json\/wp\/v2\/media?parent=1427"}],"wp:term":[{"taxonomy":"category","embeddable":true,"href":"https:\/\/djimavic.fi\/index.php\/wp-json\/wp\/v2\/categories?post=1427"},{"taxonomy":"post_tag","embeddable":true,"href":"https:\/\/djimavic.fi\/index.php\/wp-json\/wp\/v2\/tags?post=1427"}],"curies":[{"name":"wp","href":"https:\/\/api.w.org\/{rel}","templated":true}]}}