{"id":1397,"date":"2024-04-19T08:39:30","date_gmt":"2024-04-19T08:39:30","guid":{"rendered":"https:\/\/djimavic.fi\/?p=1397"},"modified":"2024-04-19T08:39:30","modified_gmt":"2024-04-19T08:39:30","slug":"aviamaps-tiedote","status":"publish","type":"post","link":"https:\/\/djimavic.fi\/index.php\/2024\/04\/19\/aviamaps-tiedote\/","title":{"rendered":"Aviamaps tiedote"},"content":{"rendered":"\n<p><strong>Helsingin\u00a0satamien\u00a0pysyv\u00e4t\u00a0lentokieltoalueet\u00a0astui\u00a0t\u00e4n\u00e4\u00e4n\u00a0voimaan<\/strong><\/p>\n\n\n\n<p>Ei\u00a0ne\u00a0pahalta\u00a0n\u00e4yt\u00e4,\u00a0esim.\u00a0NATO -laivojen\u00a0kuvaaminen\u00a0onnistuu\u00a0kuten\u00a0aiemminkin.<\/p>\n\n\n\n<p>My\u00f6s&nbsp;Hernesaaren&nbsp;edustalla&nbsp;merell\u00e4&nbsp;on&nbsp;runsaasti&nbsp;tilaa&nbsp;rajoitusalueen&nbsp;ulkopuolella.&nbsp;<\/p>\n\n\n\n<figure class=\"wp-block-image size-full\"><a href=\"https:\/\/flyk.com\/map?drone&amp;lang=fi#p=12.07\/60.15455\/24.94291\"><img loading=\"lazy\" decoding=\"async\" width=\"903\" height=\"490\" src=\"https:\/\/djimavic.fi\/wp-content\/uploads\/2024\/04\/avia.jpg\" alt=\"\" class=\"wp-image-1398\" srcset=\"https:\/\/djimavic.fi\/wp-content\/uploads\/2024\/04\/avia.jpg 903w, https:\/\/djimavic.fi\/wp-content\/uploads\/2024\/04\/avia-300x163.jpg 300w, https:\/\/djimavic.fi\/wp-content\/uploads\/2024\/04\/avia-768x417.jpg 768w, https:\/\/djimavic.fi\/wp-content\/uploads\/2024\/04\/avia-421x228.jpg 421w\" sizes=\"auto, (max-width: 903px) 100vw, 903px\" \/><\/a><figcaption class=\"wp-element-caption\">aviamaps.fi<\/figcaption><\/figure>\n\n\n\n<p><\/p>\n\n\n\n<figure class=\"wp-block-image size-full\"><img loading=\"lazy\" decoding=\"async\" width=\"80\" height=\"109\" src=\"https:\/\/djimavic.fi\/wp-content\/uploads\/2023\/08\/Kortit.jpg\" alt=\"\" class=\"wp-image-1258\"\/><\/figure>\n\n\n\n<p><\/p>\n\n\n\n<p>YT<\/p>\n\n\n\n<p>Ari Savolainen<\/p>\n","protected":false},"excerpt":{"rendered":"<p>Helsingin\u00a0satamien\u00a0pysyv\u00e4t\u00a0lentokieltoalueet\u00a0astui\u00a0t\u00e4n\u00e4\u00e4n\u00a0voimaan Ei\u00a0ne\u00a0pahalta\u00a0n\u00e4yt\u00e4,\u00a0esim.\u00a0NATO -laivojen\u00a0kuvaaminen\u00a0onnistuu\u00a0kuten\u00a0aiemminkin. My\u00f6s&nbsp;Hernesaaren&nbsp;edustalla&nbsp;merell\u00e4&nbsp;on&nbsp;runsaasti&nbsp;tilaa&nbsp;rajoitusalueen&nbsp;ulkopuolella.&nbsp; YT Ari Savolainen<\/p>\n","protected":false},"author":1,"featured_media":0,"comment_status":"closed","ping_status":"closed","sticky":false,"template":"","format":"standard","meta":{"footnotes":""},"categories":[1],"tags":[],"class_list":["post-1397","post","type-post","status-publish","format-standard","hentry","category-mavic"],"_links":{"self":[{"href":"https:\/\/djimavic.fi\/index.php\/wp-json\/wp\/v2\/posts\/1397","targetHints":{"allow":["GET"]}}],"collection":[{"href":"https:\/\/djimavic.fi\/index.php\/wp-json\/wp\/v2\/posts"}],"about":[{"href":"https:\/\/djimavic.fi\/index.php\/wp-json\/wp\/v2\/types\/post"}],"author":[{"embeddable":true,"href":"https:\/\/djimavic.fi\/index.php\/wp-json\/wp\/v2\/users\/1"}],"replies":[{"embeddable":true,"href":"https:\/\/djimavic.fi\/index.php\/wp-json\/wp\/v2\/comments?post=1397"}],"version-history":[{"count":1,"href":"https:\/\/djimavic.fi\/index.php\/wp-json\/wp\/v2\/posts\/1397\/revisions"}],"predecessor-version":[{"id":1399,"href":"https:\/\/djimavic.fi\/index.php\/wp-json\/wp\/v2\/posts\/1397\/revisions\/1399"}],"wp:attachment":[{"href":"https:\/\/djimavic.fi\/index.php\/wp-json\/wp\/v2\/media?parent=1397"}],"wp:term":[{"taxonomy":"category","embeddable":true,"href":"https:\/\/djimavic.fi\/index.php\/wp-json\/wp\/v2\/categories?post=1397"},{"taxonomy":"post_tag","embeddable":true,"href":"https:\/\/djimavic.fi\/index.php\/wp-json\/wp\/v2\/tags?post=1397"}],"curies":[{"name":"wp","href":"https:\/\/api.w.org\/{rel}","templated":true}]}}