{"id":1386,"date":"2024-04-18T06:07:58","date_gmt":"2024-04-18T06:07:58","guid":{"rendered":"https:\/\/djimavic.fi\/?p=1386"},"modified":"2024-04-18T15:12:48","modified_gmt":"2024-04-18T15:12:48","slug":"rantarata","status":"publish","type":"post","link":"https:\/\/djimavic.fi\/index.php\/2024\/04\/18\/rantarata\/","title":{"rendered":"Rantarata"},"content":{"rendered":"\n<p><strong>360 -asteen panoraama kartoitus alueelle Lepp\u00e4vaara \u2013 Espoon keskus \u2013 Kauklahti, jota p\u00e4ivitet\u00e4\u00e4n maiseman muutosten edistymisen my\u00f6t\u00e4<\/strong><\/p>\n\n\n\n<p>Lis\u00e4tty uusia <a href=\"https:\/\/djimavic.fi\/360\">360 kuvia<\/a> <\/p>\n\n\n\n<p>T\u00e4h\u00e4n koosteeseen kuvasin Tuomarilan ratakallion ja Espoon keskustan v\u00e4lisen alueen. Tarkoitus olisi kuvata ja jakaa radan rakentamisen edistymisen eri vaiheita 4 \u2013 rakennusvuoden aikana radan koko osuudelta Lepp\u00e4vaara\/Kauklahti.<\/p>\n\n\n\n<p>Ensin ajattelin, etten ole kiinnostunut t\u00e4t\u00e4 kaaosta kuvaamaan, mutta mieli muuttui kun katselin er\u00e4\u00e4n harrastajan ottamia kuvia. Onhan alue my\u00f6s osa omaa kulttuurihistoriaani ja varhaisen lapsuusajan maisemaa syntym\u00e4st\u00e4 l\u00e4htien.<\/p>\n\n\n\n<p>Syntym\u00e4talo \u2013 kotinioli Kirstinharju 23 kerrostalon tontilla 1964, josta muutimme Kirstinm\u00e4ki 6 C 58 &gt; 70-luvun alussa.<\/p>\n\n\n\n<p>Project Title (djimavic.fi) 360 kuvia voi navigoida hiirell\u00e4, my\u00f6s loitontaa ja l\u00e4hent\u00e4\u00e4.<\/p>\n\n\n\n<p><a href=\"https:\/\/djimavic.fi\/360\">https:\/\/djimavic.fi\/360<\/a><\/p>\n\n\n\n<figure class=\"wp-block-image size-full\"><a href=\"https:\/\/djimavic.fi\/360\"><img loading=\"lazy\" decoding=\"async\" width=\"958\" height=\"514\" src=\"https:\/\/djimavic.fi\/wp-content\/uploads\/2024\/04\/Rantarata.jpg\" alt=\"\" class=\"wp-image-1393\" srcset=\"https:\/\/djimavic.fi\/wp-content\/uploads\/2024\/04\/Rantarata.jpg 958w, https:\/\/djimavic.fi\/wp-content\/uploads\/2024\/04\/Rantarata-300x161.jpg 300w, https:\/\/djimavic.fi\/wp-content\/uploads\/2024\/04\/Rantarata-768x412.jpg 768w, https:\/\/djimavic.fi\/wp-content\/uploads\/2024\/04\/Rantarata-421x226.jpg 421w\" sizes=\"auto, (max-width: 958px) 100vw, 958px\" \/><\/a><figcaption class=\"wp-element-caption\">Mavic 2 Pro \/ M-360\u00b0<\/figcaption><\/figure>\n\n\n\n<p><\/p>\n\n\n\n<figure class=\"wp-block-image size-full\"><img loading=\"lazy\" decoding=\"async\" width=\"80\" height=\"109\" src=\"https:\/\/djimavic.fi\/wp-content\/uploads\/2023\/08\/Kortit.jpg\" alt=\"\" class=\"wp-image-1258\"\/><\/figure>\n\n\n\n<p><\/p>\n\n\n\n<p>YT<\/p>\n\n\n\n<p>Ari Savolainen<\/p>\n","protected":false},"excerpt":{"rendered":"<p>360 -asteen panoraama kartoitus alueelle Lepp\u00e4vaara \u2013 Espoon keskus \u2013 Kauklahti, jota p\u00e4ivitet\u00e4\u00e4n maiseman muutosten edistymisen my\u00f6t\u00e4 Lis\u00e4tty uusia 360 kuvia T\u00e4h\u00e4n koosteeseen kuvasin Tuomarilan &hellip;<\/p>\n","protected":false},"author":1,"featured_media":0,"comment_status":"closed","ping_status":"closed","sticky":false,"template":"","format":"standard","meta":{"footnotes":""},"categories":[1],"tags":[],"class_list":["post-1386","post","type-post","status-publish","format-standard","hentry","category-mavic"],"_links":{"self":[{"href":"https:\/\/djimavic.fi\/index.php\/wp-json\/wp\/v2\/posts\/1386","targetHints":{"allow":["GET"]}}],"collection":[{"href":"https:\/\/djimavic.fi\/index.php\/wp-json\/wp\/v2\/posts"}],"about":[{"href":"https:\/\/djimavic.fi\/index.php\/wp-json\/wp\/v2\/types\/post"}],"author":[{"embeddable":true,"href":"https:\/\/djimavic.fi\/index.php\/wp-json\/wp\/v2\/users\/1"}],"replies":[{"embeddable":true,"href":"https:\/\/djimavic.fi\/index.php\/wp-json\/wp\/v2\/comments?post=1386"}],"version-history":[{"count":7,"href":"https:\/\/djimavic.fi\/index.php\/wp-json\/wp\/v2\/posts\/1386\/revisions"}],"predecessor-version":[{"id":1396,"href":"https:\/\/djimavic.fi\/index.php\/wp-json\/wp\/v2\/posts\/1386\/revisions\/1396"}],"wp:attachment":[{"href":"https:\/\/djimavic.fi\/index.php\/wp-json\/wp\/v2\/media?parent=1386"}],"wp:term":[{"taxonomy":"category","embeddable":true,"href":"https:\/\/djimavic.fi\/index.php\/wp-json\/wp\/v2\/categories?post=1386"},{"taxonomy":"post_tag","embeddable":true,"href":"https:\/\/djimavic.fi\/index.php\/wp-json\/wp\/v2\/tags?post=1386"}],"curies":[{"name":"wp","href":"https:\/\/api.w.org\/{rel}","templated":true}]}}