{"id":1326,"date":"2023-12-04T08:41:03","date_gmt":"2023-12-04T08:41:03","guid":{"rendered":"https:\/\/djimavic.fi\/?p=1326"},"modified":"2023-12-11T08:56:20","modified_gmt":"2023-12-11T08:56:20","slug":"oharit","status":"publish","type":"post","link":"https:\/\/djimavic.fi\/index.php\/2023\/12\/04\/oharit\/","title":{"rendered":"Oharit"},"content":{"rendered":"\n<p><strong>Oharit (urbaani sanakirja = sovitusta asiasta luistaminen)<\/strong><\/p>\n\n\n\n<p>Tiedustelin elokuun alkupuolella videokuvausmahdollisuutta er\u00e4\u00e4lt\u00e4 ilmailualan toimijalta kasvotusten heid\u00e4n toimipisteess\u00e4.<\/p>\n\n\n\n<p>Teimme alustavan sopimuksen tarkentavan pyynt\u00f6ni j\u00e4lkeen ja toimija pyysi viel\u00e4 s-postilla minua toistamaan kuvauspyynt\u00f6ni. <\/p>\n\n\n\n<p class=\"has-accent-1-color has-text-color has-link-color wp-elements-2bc0d1f663cffcc6baed7936a1a18acb\">&#8221; Eiliseen lupatiedusteluuni liittyen, josko olisi mahdollista ottaa muutama videokooste ja kuva Bell helikopterin hytist\u00e4 siten, ett\u00e4 tytt\u00e4reni istuu ohjaamossa. Helikopterin ohjaamon eteen tulisi vihre\u00e4 &#8220;chroma key&#8221; kangas ja kaksi kohdevaloa.<\/p>\n\n\n\n<p class=\"has-accent-1-color has-text-color has-link-color wp-elements-871e77d216523e60b33bf931d9e7e0b1\">Kuvakulma olisi lent\u00e4j\u00e4nn\u00e4k\u00f6kulmasta ja videon k\u00e4ytt\u00f6tarkoitus on luoda FX &#8211; tehoste, yhdist\u00e4m\u00e4ll\u00e4 ohjaamon\u00e4kym\u00e4 dronevideoon. &#8220;<\/p>\n\n\n\n<figure class=\"wp-block-image size-large\"><img loading=\"lazy\" decoding=\"async\" width=\"1024\" height=\"560\" src=\"https:\/\/djimavic.fi\/wp-content\/uploads\/2023\/12\/438822-1024x560.jpg\" alt=\"\" class=\"wp-image-1334\" srcset=\"https:\/\/djimavic.fi\/wp-content\/uploads\/2023\/12\/438822-1024x560.jpg 1024w, https:\/\/djimavic.fi\/wp-content\/uploads\/2023\/12\/438822-300x164.jpg 300w, https:\/\/djimavic.fi\/wp-content\/uploads\/2023\/12\/438822-768x420.jpg 768w, https:\/\/djimavic.fi\/wp-content\/uploads\/2023\/12\/438822-421x230.jpg 421w, https:\/\/djimavic.fi\/wp-content\/uploads\/2023\/12\/438822.jpg 1200w\" sizes=\"auto, (max-width: 1024px) 100vw, 1024px\" \/><figcaption class=\"wp-element-caption\">Bell 47<\/figcaption><\/figure>\n\n\n\n<p>Sain vastauksen s-postiini:<\/p>\n\n\n\n<p class=\"has-accent-1-color has-text-color has-link-color wp-elements-e9cacd465dbb36571d72c8c806e800fa\">&#8221; Hei,<\/p>\n\n\n\n<p class=\"has-accent-1-color has-text-color has-link-color wp-elements-1e27fae6a191fbca38003a2a483d030f\">Eik\u00f6h\u00e4n t\u00e4m\u00e4 n\u00e4in alustavasti sanoen voisi onnistua, kuten Bell 47 ohjaamon luona keskustelimme. Kokoelmatiimimme palaa ensi viikolla lomilta, niin keskustelemme sitten lis\u00e4\u00e4 museomekaanikkomme kanssa Bellin puhdistuksesta ja muista k\u00e4yt\u00e4nn\u00f6n toimista.<\/p>\n\n\n\n<p class=\"has-accent-1-color has-text-color has-link-color wp-elements-8471edbd9397a756c17bbf68e559d4e5\">Aikataulusta; t\u00e4m\u00e4n kuvauksen toteutuminen menee valitettavasti ainakin syyskuun loppupuolelle, jollei lokakuun alkuun. Meill\u00e4 on mm. muutamia kaupallisia kuvauksia tulossa tiloihimme nyt elo-syyskuun vaihteessa, jotka vaatinevat mittavia toimenpiteit\u00e4 sek\u00e4 my\u00f6s ty\u00f6matkoja syyskuussa.<\/p>\n\n\n\n<p class=\"has-accent-1-color has-text-color has-link-color wp-elements-b86ed80288108f3bd868cce3cce76529\">Sinulla on ihan n\u00e4ytt\u00e4vi\u00e4 dronekuvauksia sivuillasi, tutustuihin niihin eilen.<\/p>\n\n\n\n<p class=\"has-accent-1-color has-text-color has-link-color wp-elements-a9345d5e1198cf2166c6d00db1941e23\">Palaamme asiaan! &#8220;<\/p>\n\n\n\n<p>Asiaan ei koskaan palattu kuten oli annettu ymm\u00e4rt\u00e4\u00e4!<\/p>\n\n\n\n<p>J\u00e4in kaipaamaan jonkinlaista yhteydenottoa ja nyt koko asia j\u00e4i roikkumaan, ns. l\u00f6yh\u00e4\u00e4n hirteen, koska henkil\u00f6 joka kertoi palaavansa asiaan, ei siihen antamassaan aikataulussa palannut.<\/p>\n\n\n\n<p>Jos pyynt\u00f6\u00f6ni olisi joistakin syyst\u00e4 my\u00f6hemmin suhtauduttu kielteisesti, olisi siit\u00e4 ollut reilua ilmoittaa ja asia olisi j\u00e4\u00e4nyt minunkin puolelta sillens\u00e4.<\/p>\n\n\n\n<p>Nuorin tytt\u00e4reni on opiskellut media-alaa ja itse\u00e4ni on aina kiinnostanut erilaisten videotehosteiden luova kokeilu, siit\u00e4 t\u00e4ss\u00e4kin oli kyse.<\/p>\n\n\n\n<p><\/p>\n\n\n\n<figure class=\"wp-block-image size-full\"><img loading=\"lazy\" decoding=\"async\" width=\"80\" height=\"109\" src=\"https:\/\/djimavic.fi\/wp-content\/uploads\/2023\/08\/Kortit.jpg\" alt=\"\" class=\"wp-image-1258\"\/><\/figure>\n\n\n\n<p><\/p>\n\n\n\n<p>YT<\/p>\n\n\n\n<p>Ari Savolainen<\/p>\n","protected":false},"excerpt":{"rendered":"<p>Oharit (urbaani sanakirja = sovitusta asiasta luistaminen) Tiedustelin elokuun alkupuolella videokuvausmahdollisuutta er\u00e4\u00e4lt\u00e4 ilmailualan toimijalta kasvotusten heid\u00e4n toimipisteess\u00e4. Teimme alustavan sopimuksen tarkentavan pyynt\u00f6ni j\u00e4lkeen ja toimija &hellip;<\/p>\n","protected":false},"author":1,"featured_media":0,"comment_status":"closed","ping_status":"closed","sticky":false,"template":"","format":"standard","meta":{"footnotes":""},"categories":[1],"tags":[],"class_list":["post-1326","post","type-post","status-publish","format-standard","hentry","category-mavic"],"_links":{"self":[{"href":"https:\/\/djimavic.fi\/index.php\/wp-json\/wp\/v2\/posts\/1326","targetHints":{"allow":["GET"]}}],"collection":[{"href":"https:\/\/djimavic.fi\/index.php\/wp-json\/wp\/v2\/posts"}],"about":[{"href":"https:\/\/djimavic.fi\/index.php\/wp-json\/wp\/v2\/types\/post"}],"author":[{"embeddable":true,"href":"https:\/\/djimavic.fi\/index.php\/wp-json\/wp\/v2\/users\/1"}],"replies":[{"embeddable":true,"href":"https:\/\/djimavic.fi\/index.php\/wp-json\/wp\/v2\/comments?post=1326"}],"version-history":[{"count":3,"href":"https:\/\/djimavic.fi\/index.php\/wp-json\/wp\/v2\/posts\/1326\/revisions"}],"predecessor-version":[{"id":1337,"href":"https:\/\/djimavic.fi\/index.php\/wp-json\/wp\/v2\/posts\/1326\/revisions\/1337"}],"wp:attachment":[{"href":"https:\/\/djimavic.fi\/index.php\/wp-json\/wp\/v2\/media?parent=1326"}],"wp:term":[{"taxonomy":"category","embeddable":true,"href":"https:\/\/djimavic.fi\/index.php\/wp-json\/wp\/v2\/categories?post=1326"},{"taxonomy":"post_tag","embeddable":true,"href":"https:\/\/djimavic.fi\/index.php\/wp-json\/wp\/v2\/tags?post=1326"}],"curies":[{"name":"wp","href":"https:\/\/api.w.org\/{rel}","templated":true}]}}