{"id":1294,"date":"2023-11-11T13:46:37","date_gmt":"2023-11-11T13:46:37","guid":{"rendered":"https:\/\/djimavic.fi\/?p=1294"},"modified":"2023-11-11T14:09:24","modified_gmt":"2023-11-11T14:09:24","slug":"martti-ahtisaari-1937-2023","status":"publish","type":"post","link":"https:\/\/djimavic.fi\/index.php\/2023\/11\/11\/martti-ahtisaari-1937-2023\/","title":{"rendered":"Martti\u00a0Ahtisaari\u00a01937-2023"},"content":{"rendered":"\n<p><strong>360 asteen (SIL-16 luvallinen) kuvauslento Helsingin Hietaniemen hautausmaalla t\u00e4n\u00e4\u00e4n klo 14:00<\/strong><\/p>\n\n\n\n<p>Yhdenk\u00e4\u00e4n ihmisen p\u00e4\u00e4ll\u00e4 ei lennetty, nousu tapahtui suoraan l\u00e4hd\u00f6st\u00e4 &#8211; ja lasku samaan paikkaan.<\/p>\n\n\n\n<p>Kuvauslento on rekister\u00f6ity ilmailuliiton SIL-16 luvallisten operaattoreiden SILMARI- j\u00e4senrekisteriin.<\/p>\n\n\n\n<p><strong>360<\/strong> asteen panoraamakuvan voi katsoa my\u00f6s <a href=\"https:\/\/www.facebook.com\/photo?fbid=10228012864359912\" data-type=\"link\" data-id=\"https:\/\/www.facebook.com\/photo?fbid=10228012864359912\">Facebookissa<\/a><\/p>\n\n\n\n<p>Alla oleva kuva aukeaa suuremmaksi <strong>VR<\/strong> &#8211; painikkeesta<\/p>\n\n\n\n<figure style=\"width:1000px;height:500px\" class=\"wp-block-algori-360-image-block-algori-360-image alignundefined\"><a-scene loading-screen=\"enabled: false;\" device-orientation-permission-ui=\"enabled: false\" embedded=\"\"><a-entity camera=\"\" look-controls=\"reverseMouseDrag: true\"><\/a-entity><a-sky src=\"https:\/\/djimavic.fi\/wp-content\/uploads\/2023\/11\/Martti-Ahtisaari.jpg\"><\/a-sky><\/a-scene><\/figure>\n\n\n\n<p>Mavic 2 Pro<\/p>\n\n\n\n<figure class=\"wp-block-image size-large\"><img loading=\"lazy\" decoding=\"async\" width=\"1024\" height=\"682\" src=\"https:\/\/djimavic.fi\/wp-content\/uploads\/2023\/11\/Ahtisaari-1024x682.jpg\" alt=\"\" class=\"wp-image-1295\" srcset=\"https:\/\/djimavic.fi\/wp-content\/uploads\/2023\/11\/Ahtisaari-1024x682.jpg 1024w, https:\/\/djimavic.fi\/wp-content\/uploads\/2023\/11\/Ahtisaari-300x200.jpg 300w, https:\/\/djimavic.fi\/wp-content\/uploads\/2023\/11\/Ahtisaari-768x511.jpg 768w, https:\/\/djimavic.fi\/wp-content\/uploads\/2023\/11\/Ahtisaari-421x280.jpg 421w, https:\/\/djimavic.fi\/wp-content\/uploads\/2023\/11\/Ahtisaari.jpg 1200w\" sizes=\"auto, (max-width: 1024px) 100vw, 1024px\" \/><\/figure>\n\n\n\n<p><\/p>\n\n\n\n<figure class=\"wp-block-image size-full\"><img loading=\"lazy\" decoding=\"async\" width=\"80\" height=\"109\" src=\"https:\/\/djimavic.fi\/wp-content\/uploads\/2023\/08\/Kortit.jpg\" alt=\"\" class=\"wp-image-1258\"\/><\/figure>\n\n\n\n<p><\/p>\n\n\n\n<p>YT<\/p>\n\n\n\n<p>Ari Savolainen<\/p>\n","protected":false},"excerpt":{"rendered":"<p>360 asteen (SIL-16 luvallinen) kuvauslento Helsingin Hietaniemen hautausmaalla t\u00e4n\u00e4\u00e4n klo 14:00 Yhdenk\u00e4\u00e4n ihmisen p\u00e4\u00e4ll\u00e4 ei lennetty, nousu tapahtui suoraan l\u00e4hd\u00f6st\u00e4 &#8211; ja lasku samaan paikkaan. &hellip;<\/p>\n","protected":false},"author":1,"featured_media":0,"comment_status":"closed","ping_status":"closed","sticky":false,"template":"","format":"standard","meta":{"footnotes":""},"categories":[1],"tags":[],"class_list":["post-1294","post","type-post","status-publish","format-standard","hentry","category-mavic"],"_links":{"self":[{"href":"https:\/\/djimavic.fi\/index.php\/wp-json\/wp\/v2\/posts\/1294","targetHints":{"allow":["GET"]}}],"collection":[{"href":"https:\/\/djimavic.fi\/index.php\/wp-json\/wp\/v2\/posts"}],"about":[{"href":"https:\/\/djimavic.fi\/index.php\/wp-json\/wp\/v2\/types\/post"}],"author":[{"embeddable":true,"href":"https:\/\/djimavic.fi\/index.php\/wp-json\/wp\/v2\/users\/1"}],"replies":[{"embeddable":true,"href":"https:\/\/djimavic.fi\/index.php\/wp-json\/wp\/v2\/comments?post=1294"}],"version-history":[{"count":3,"href":"https:\/\/djimavic.fi\/index.php\/wp-json\/wp\/v2\/posts\/1294\/revisions"}],"predecessor-version":[{"id":1300,"href":"https:\/\/djimavic.fi\/index.php\/wp-json\/wp\/v2\/posts\/1294\/revisions\/1300"}],"wp:attachment":[{"href":"https:\/\/djimavic.fi\/index.php\/wp-json\/wp\/v2\/media?parent=1294"}],"wp:term":[{"taxonomy":"category","embeddable":true,"href":"https:\/\/djimavic.fi\/index.php\/wp-json\/wp\/v2\/categories?post=1294"},{"taxonomy":"post_tag","embeddable":true,"href":"https:\/\/djimavic.fi\/index.php\/wp-json\/wp\/v2\/tags?post=1294"}],"curies":[{"name":"wp","href":"https:\/\/api.w.org\/{rel}","templated":true}]}}