{"id":1290,"date":"2023-11-05T12:06:07","date_gmt":"2023-11-05T12:06:07","guid":{"rendered":"https:\/\/djimavic.fi\/?p=1290"},"modified":"2023-11-05T12:08:44","modified_gmt":"2023-11-05T12:08:44","slug":"sotatuomarinpuisto-ii","status":"publish","type":"post","link":"https:\/\/djimavic.fi\/index.php\/2023\/11\/05\/sotatuomarinpuisto-ii\/","title":{"rendered":"Sotatuomarinpuisto II"},"content":{"rendered":"\n<p><strong>Lepp\u00e4vaaran kaupunginosassa Espoossa on M\u00e4kkyl\u00e4 niminen alue, jonka reunassa keh\u00e4 1- tien vieress\u00e4 on iso suojeltu kangasmets\u00e4alue, jossa sijaitsee sotatuomarinpuisto<\/strong><\/p>\n\n\n\n<p>Sotatuomarinpuistossa on suojeltu muinaisj\u00e4\u00e4nn\u00f6salue, jossa on useita ensimm\u00e4isen maailmansodan aikaisia linnoitteita, esim. juoksuhautoja ja konekiv\u00e4\u00e4ripes\u00e4kkeit\u00e4 jne. Osa alueen linnoitteista on h\u00e4vitetty keh\u00e4 1- tien ja vieress\u00e4 kulkevan k\u00e4velytien rakennusvaiheessa.<\/p>\n\n\n\n<p>Alueella on runsaasti lehtipuita jotka est\u00e4v\u00e4t saamasta juoksuhaudoista kes\u00e4aikaan selkeit\u00e4 dronekuvia.<\/p>\n\n\n\n<p>T\u00e4n\u00e4\u00e4n oli lehdett\u00f6mien puiden ja s\u00e4\u00e4n puolesta erinomaiset olosuhteet k\u00e4yd\u00e4 ottamassa alueelta kuvia. Liitteen\u00e4 oleva viistokuva on otettu 120- metrin korkeudelta.<\/p>\n\n\n\n<p>Mets\u00e4alueelle jossa linnoitteet sijaitsee ei johda yleisi\u00e4 teit\u00e4, siksi siinne on hankala l\u00f6yt\u00e4\u00e4. Keh\u00e4 1- tien vieress\u00e4 kulkevalta k\u00e4velytielt\u00e4 ei n\u00e4e yl\u00f6s kallionlaelle, jonne louhittu kalliosein\u00e4 est\u00e4\u00e4 my\u00f6s p\u00e4\u00e4syn.<\/p>\n\n\n\n<p>Espoon lepp\u00e4vaarassa on runsaasti vastaavanlaisia linnoitusalueita, kiersin kuvaamassa ne kaikki kuluneena kes\u00e4n\u00e4.<\/p>\n\n\n\n<figure class=\"wp-block-image size-large\"><img loading=\"lazy\" decoding=\"async\" width=\"1024\" height=\"621\" src=\"https:\/\/djimavic.fi\/wp-content\/uploads\/2023\/11\/Sotatuomarinpuisto-1024x621.jpg\" alt=\"\" class=\"wp-image-1291\" srcset=\"https:\/\/djimavic.fi\/wp-content\/uploads\/2023\/11\/Sotatuomarinpuisto-1024x621.jpg 1024w, https:\/\/djimavic.fi\/wp-content\/uploads\/2023\/11\/Sotatuomarinpuisto-300x182.jpg 300w, https:\/\/djimavic.fi\/wp-content\/uploads\/2023\/11\/Sotatuomarinpuisto-768x466.jpg 768w, https:\/\/djimavic.fi\/wp-content\/uploads\/2023\/11\/Sotatuomarinpuisto-1536x931.jpg 1536w, https:\/\/djimavic.fi\/wp-content\/uploads\/2023\/11\/Sotatuomarinpuisto-421x255.jpg 421w, https:\/\/djimavic.fi\/wp-content\/uploads\/2023\/11\/Sotatuomarinpuisto.jpg 1600w\" sizes=\"auto, (max-width: 1024px) 100vw, 1024px\" \/><figcaption class=\"wp-element-caption\">Mavic 2 Pro<\/figcaption><\/figure>\n\n\n\n<p>Iso <a href=\"https:\/\/www.facebook.com\/photo\/?fbid=10227981328931546&amp;set=a.1356064934659\" data-type=\"link\" data-id=\"https:\/\/www.facebook.com\/photo\/?fbid=10227981328931546&amp;set=a.1356064934659\">kuva<\/a><\/p>\n\n\n\n<figure class=\"wp-block-image size-full\"><img loading=\"lazy\" decoding=\"async\" width=\"80\" height=\"109\" src=\"https:\/\/djimavic.fi\/wp-content\/uploads\/2023\/08\/Kortit.jpg\" alt=\"\" class=\"wp-image-1258\"\/><\/figure>\n\n\n\n<p><\/p>\n\n\n\n<p>YT<\/p>\n\n\n\n<p>Ari Savolainen<\/p>\n","protected":false},"excerpt":{"rendered":"<p>Lepp\u00e4vaaran kaupunginosassa Espoossa on M\u00e4kkyl\u00e4 niminen alue, jonka reunassa keh\u00e4 1- tien vieress\u00e4 on iso suojeltu kangasmets\u00e4alue, jossa sijaitsee sotatuomarinpuisto Sotatuomarinpuistossa on suojeltu muinaisj\u00e4\u00e4nn\u00f6salue, jossa &hellip;<\/p>\n","protected":false},"author":1,"featured_media":0,"comment_status":"closed","ping_status":"closed","sticky":false,"template":"","format":"standard","meta":{"footnotes":""},"categories":[1],"tags":[],"class_list":["post-1290","post","type-post","status-publish","format-standard","hentry","category-mavic"],"_links":{"self":[{"href":"https:\/\/djimavic.fi\/index.php\/wp-json\/wp\/v2\/posts\/1290","targetHints":{"allow":["GET"]}}],"collection":[{"href":"https:\/\/djimavic.fi\/index.php\/wp-json\/wp\/v2\/posts"}],"about":[{"href":"https:\/\/djimavic.fi\/index.php\/wp-json\/wp\/v2\/types\/post"}],"author":[{"embeddable":true,"href":"https:\/\/djimavic.fi\/index.php\/wp-json\/wp\/v2\/users\/1"}],"replies":[{"embeddable":true,"href":"https:\/\/djimavic.fi\/index.php\/wp-json\/wp\/v2\/comments?post=1290"}],"version-history":[{"count":2,"href":"https:\/\/djimavic.fi\/index.php\/wp-json\/wp\/v2\/posts\/1290\/revisions"}],"predecessor-version":[{"id":1293,"href":"https:\/\/djimavic.fi\/index.php\/wp-json\/wp\/v2\/posts\/1290\/revisions\/1293"}],"wp:attachment":[{"href":"https:\/\/djimavic.fi\/index.php\/wp-json\/wp\/v2\/media?parent=1290"}],"wp:term":[{"taxonomy":"category","embeddable":true,"href":"https:\/\/djimavic.fi\/index.php\/wp-json\/wp\/v2\/categories?post=1290"},{"taxonomy":"post_tag","embeddable":true,"href":"https:\/\/djimavic.fi\/index.php\/wp-json\/wp\/v2\/tags?post=1290"}],"curies":[{"name":"wp","href":"https:\/\/api.w.org\/{rel}","templated":true}]}}