{"id":1253,"date":"2023-08-30T09:29:26","date_gmt":"2023-08-30T09:29:26","guid":{"rendered":"https:\/\/djimavic.fi\/?p=1253"},"modified":"2024-06-20T10:07:51","modified_gmt":"2024-06-20T10:07:51","slug":"antonio-marceglia-ii","status":"publish","type":"post","link":"https:\/\/djimavic.fi\/index.php\/2023\/08\/30\/antonio-marceglia-ii\/","title":{"rendered":"Antonio\u00a0Marceglia II"},"content":{"rendered":"\n<p><strong>Italialainen NATO- fregatti Antonio Marceglia F 597 poistui t\u00e4n\u00e4\u00e4n Helsingin hernesaaren satamasta aamulla kello yhdeks\u00e4n j\u00e4lkeen.<\/strong><\/p>\n\n\n\n<p>Vett\u00e4 satoi l\u00e4hes kokoajan ja pelk\u00e4sin, ett\u00e4 kuvat j\u00e4\u00e4 ottamatta. Mutta juuri sill\u00e4 hetkell\u00e4 kun laiva oli irtautumasta satamalaiturista, sade loppui hetkeksi.<\/p>\n\n\n\n<p>Sateeton aika riitti muutamaan videoon ja kuvien ottoon, sitten alkoi taas tulemaan huolella joten aivan viimeiset kuvat, esim. kun laiva lipuu pihlajasaaren ohi merelle, j\u00e4i ottamatta.<\/p>\n\n\n\n<p>Isot kuvat: <a href=\"https:\/\/www.facebook.com\/ari.savolainen.37\/posts\/pfbid02ieigTqZBN5ejJNvGc2uca42mhrpRibPLoGw36KcBEfTmAnBLXVBYvNvDaigmW3iil\" data-type=\"link\" data-id=\"https:\/\/www.facebook.com\/ari.savolainen.37\/posts\/pfbid02ieigTqZBN5ejJNvGc2uca42mhrpRibPLoGw36KcBEfTmAnBLXVBYvNvDaigmW3iil\">Facebook<\/a><\/p>\n\n\n\n<iframe loading=\"lazy\" src=\"https:\/\/vk.com\/video_ext.php?oid=836175557&#038;id=456239068&#038;hd=2\" width=\"853\" height=\"480\" allow=\"autoplay; encrypted-media; fullscreen; picture-in-picture; screen-wake-lock;\" frameborder=\"0\" allowfullscreen><\/iframe>\n\n\n\n<figure class=\"wp-block-image size-large\"><img loading=\"lazy\" decoding=\"async\" width=\"1024\" height=\"512\" src=\"https:\/\/djimavic.fi\/wp-content\/uploads\/2023\/08\/F-597-1-1-1024x512.jpg\" alt=\"\" class=\"wp-image-1254\" srcset=\"https:\/\/djimavic.fi\/wp-content\/uploads\/2023\/08\/F-597-1-1-1024x512.jpg 1024w, https:\/\/djimavic.fi\/wp-content\/uploads\/2023\/08\/F-597-1-1-300x150.jpg 300w, https:\/\/djimavic.fi\/wp-content\/uploads\/2023\/08\/F-597-1-1-768x384.jpg 768w, https:\/\/djimavic.fi\/wp-content\/uploads\/2023\/08\/F-597-1-1-1536x768.jpg 1536w, https:\/\/djimavic.fi\/wp-content\/uploads\/2023\/08\/F-597-1-1-421x211.jpg 421w, https:\/\/djimavic.fi\/wp-content\/uploads\/2023\/08\/F-597-1-1.jpg 2000w\" sizes=\"auto, (max-width: 1024px) 100vw, 1024px\" \/><figcaption class=\"wp-element-caption\">Mavic 2 Pro<\/figcaption><\/figure>\n\n\n\n<figure class=\"wp-block-image size-large\"><img loading=\"lazy\" decoding=\"async\" width=\"1024\" height=\"512\" src=\"https:\/\/djimavic.fi\/wp-content\/uploads\/2023\/08\/F-597-2-1024x512.jpg\" alt=\"\" class=\"wp-image-1255\" srcset=\"https:\/\/djimavic.fi\/wp-content\/uploads\/2023\/08\/F-597-2-1024x512.jpg 1024w, https:\/\/djimavic.fi\/wp-content\/uploads\/2023\/08\/F-597-2-300x150.jpg 300w, https:\/\/djimavic.fi\/wp-content\/uploads\/2023\/08\/F-597-2-768x384.jpg 768w, https:\/\/djimavic.fi\/wp-content\/uploads\/2023\/08\/F-597-2-1536x768.jpg 1536w, https:\/\/djimavic.fi\/wp-content\/uploads\/2023\/08\/F-597-2-421x211.jpg 421w, https:\/\/djimavic.fi\/wp-content\/uploads\/2023\/08\/F-597-2.jpg 2000w\" sizes=\"auto, (max-width: 1024px) 100vw, 1024px\" \/><figcaption class=\"wp-element-caption\">Mavic 2 Pro<\/figcaption><\/figure>\n\n\n\n<figure class=\"wp-block-image size-large\"><img loading=\"lazy\" decoding=\"async\" width=\"1024\" height=\"512\" src=\"https:\/\/djimavic.fi\/wp-content\/uploads\/2023\/08\/F-597-3-1024x512.jpg\" alt=\"\" class=\"wp-image-1256\" srcset=\"https:\/\/djimavic.fi\/wp-content\/uploads\/2023\/08\/F-597-3-1024x512.jpg 1024w, https:\/\/djimavic.fi\/wp-content\/uploads\/2023\/08\/F-597-3-300x150.jpg 300w, https:\/\/djimavic.fi\/wp-content\/uploads\/2023\/08\/F-597-3-768x384.jpg 768w, https:\/\/djimavic.fi\/wp-content\/uploads\/2023\/08\/F-597-3-1536x768.jpg 1536w, https:\/\/djimavic.fi\/wp-content\/uploads\/2023\/08\/F-597-3-421x211.jpg 421w, https:\/\/djimavic.fi\/wp-content\/uploads\/2023\/08\/F-597-3.jpg 2000w\" sizes=\"auto, (max-width: 1024px) 100vw, 1024px\" \/><figcaption class=\"wp-element-caption\">Mavic 2 Pro<\/figcaption><\/figure>\n\n\n\n<figure class=\"wp-block-image size-large\"><img loading=\"lazy\" decoding=\"async\" width=\"1024\" height=\"512\" src=\"https:\/\/djimavic.fi\/wp-content\/uploads\/2023\/08\/F-597-4-1024x512.jpg\" alt=\"\" class=\"wp-image-1257\" srcset=\"https:\/\/djimavic.fi\/wp-content\/uploads\/2023\/08\/F-597-4-1024x512.jpg 1024w, https:\/\/djimavic.fi\/wp-content\/uploads\/2023\/08\/F-597-4-300x150.jpg 300w, https:\/\/djimavic.fi\/wp-content\/uploads\/2023\/08\/F-597-4-768x384.jpg 768w, https:\/\/djimavic.fi\/wp-content\/uploads\/2023\/08\/F-597-4-1536x768.jpg 1536w, https:\/\/djimavic.fi\/wp-content\/uploads\/2023\/08\/F-597-4-421x211.jpg 421w, https:\/\/djimavic.fi\/wp-content\/uploads\/2023\/08\/F-597-4.jpg 2000w\" sizes=\"auto, (max-width: 1024px) 100vw, 1024px\" \/><figcaption class=\"wp-element-caption\">Mavic 2 Pro<\/figcaption><\/figure>\n\n\n\n<p><\/p>\n\n\n\n<figure class=\"wp-block-image size-full\"><img loading=\"lazy\" decoding=\"async\" width=\"80\" height=\"109\" src=\"https:\/\/djimavic.fi\/wp-content\/uploads\/2023\/08\/Kortit.jpg\" alt=\"\" class=\"wp-image-1258\"\/><\/figure>\n\n\n\n<p><\/p>\n\n\n\n<p>YT<\/p>\n\n\n\n<p>Ari Savolainen<\/p>\n","protected":false},"excerpt":{"rendered":"<p>Italialainen NATO- fregatti Antonio Marceglia F 597 poistui t\u00e4n\u00e4\u00e4n Helsingin hernesaaren satamasta aamulla kello yhdeks\u00e4n j\u00e4lkeen. Vett\u00e4 satoi l\u00e4hes kokoajan ja pelk\u00e4sin, ett\u00e4 kuvat j\u00e4\u00e4 &hellip;<\/p>\n","protected":false},"author":1,"featured_media":0,"comment_status":"closed","ping_status":"closed","sticky":false,"template":"","format":"standard","meta":{"footnotes":""},"categories":[1],"tags":[],"class_list":["post-1253","post","type-post","status-publish","format-standard","hentry","category-mavic"],"_links":{"self":[{"href":"https:\/\/djimavic.fi\/index.php\/wp-json\/wp\/v2\/posts\/1253","targetHints":{"allow":["GET"]}}],"collection":[{"href":"https:\/\/djimavic.fi\/index.php\/wp-json\/wp\/v2\/posts"}],"about":[{"href":"https:\/\/djimavic.fi\/index.php\/wp-json\/wp\/v2\/types\/post"}],"author":[{"embeddable":true,"href":"https:\/\/djimavic.fi\/index.php\/wp-json\/wp\/v2\/users\/1"}],"replies":[{"embeddable":true,"href":"https:\/\/djimavic.fi\/index.php\/wp-json\/wp\/v2\/comments?post=1253"}],"version-history":[{"count":3,"href":"https:\/\/djimavic.fi\/index.php\/wp-json\/wp\/v2\/posts\/1253\/revisions"}],"predecessor-version":[{"id":1499,"href":"https:\/\/djimavic.fi\/index.php\/wp-json\/wp\/v2\/posts\/1253\/revisions\/1499"}],"wp:attachment":[{"href":"https:\/\/djimavic.fi\/index.php\/wp-json\/wp\/v2\/media?parent=1253"}],"wp:term":[{"taxonomy":"category","embeddable":true,"href":"https:\/\/djimavic.fi\/index.php\/wp-json\/wp\/v2\/categories?post=1253"},{"taxonomy":"post_tag","embeddable":true,"href":"https:\/\/djimavic.fi\/index.php\/wp-json\/wp\/v2\/tags?post=1253"}],"curies":[{"name":"wp","href":"https:\/\/api.w.org\/{rel}","templated":true}]}}