{"id":1035,"date":"2023-06-21T15:27:29","date_gmt":"2023-06-21T15:27:29","guid":{"rendered":"https:\/\/djimavic.fi\/?p=1035"},"modified":"2024-06-20T12:10:14","modified_gmt":"2024-06-20T12:10:14","slug":"leppavaaran-myllykallio","status":"publish","type":"post","link":"https:\/\/djimavic.fi\/index.php\/2023\/06\/21\/leppavaaran-myllykallio\/","title":{"rendered":"Lepp\u00e4vaaran myllykallio"},"content":{"rendered":"\n<p><strong>Fillarilenkill\u00e4 Espoon Lepp\u00e4vaarassa tutkailemassa Myllykallion linnoitteita, vallihautoja ja bunkkereita joita alueella on runsaasti<\/strong><\/p>\n\n\n\n<p>Osa Myllykallion alueen sotien aikaisista linnoitteista on j\u00e4\u00e4nyt jo aluskasvillisuuden alle, osa on purettu viereisten moottoriteiden edest\u00e4 ja n\u00e4ist\u00e4 puretuista linnoitteista voi jollakin olla kuvia hallussaan.<\/p>\n\n\n\n<p>360 (mavic 2 pro) pallopanoraamakuvassa n\u00e4kyy Myllykalliolla vuosikymmeni\u00e4 sitten sijainneen arkkitehti Ilmari Launiksen &#8220;Ilmola&#8221; nimisen huvilan graniittiset kivijalkaperustukset, joiden varassa rakennus seisoi tukevasti. Julkisten tietojen mukaan huvila oli palanut luultavasti 1990-luvulla.<\/p>\n\n\n\n<p>1940 luvulla huvilan tiloissa toimi lastentarha. Alla on kuva leikkim\u00f6kist\u00e4, jossa lastentarhan lapset saattoivat leikki\u00e4 &#8211; ainakin m\u00f6kin olemus antaa olettaa sen olevan vanha, ehk\u00e4 juuri 1940- lukua.<\/p>\n\n\n\n<p>Huvilan ymp\u00e4rist\u00f6\u00f6n on rakennettu sotienaikaan runsaasti erilaisia linnoitteita, joista suurin osa alkaa jo katoamaan kasvillisuuden alle.<\/p>\n\n\n\n<p>360 asteen panoraamakuvat aukeaa suuremmiksi ja tarkemmiksi klikkaamalla&nbsp;<strong>VR<\/strong>\u2013 painiketta.<\/p>\n\n\n\n<figure style=\"width:1000px;height:500px\" class=\"wp-block-algori-360-image-block-algori-360-image alignundefined\"><a-scene loading-screen=\"enabled: false;\" device-orientation-permission-ui=\"enabled: false\" embedded=\"\"><a-entity camera=\"\" look-controls=\"reverseMouseDrag: true\"><\/a-entity><a-sky src=\"https:\/\/djimavic.fi\/wp-content\/uploads\/2023\/06\/Myllykallio-1.jpg\"><\/a-sky><\/a-scene><\/figure>\n\n\n\n<p>Alla oleva kuva huvilasta 1940- luvulla on julkaistu Lepp\u00e4vaara-seura ry:n Facebook sivulla, josta l\u00f6ytyy runsaasti kuvia Lepp\u00e4vaaran alueen historiasta.<\/p>\n\n\n\n<figure class=\"wp-block-image size-large\"><img loading=\"lazy\" decoding=\"async\" width=\"950\" height=\"1024\" src=\"https:\/\/djimavic.fi\/wp-content\/uploads\/2023\/06\/Myllykallio-4-950x1024.jpg\" alt=\"\" class=\"wp-image-1037\" srcset=\"https:\/\/djimavic.fi\/wp-content\/uploads\/2023\/06\/Myllykallio-4-950x1024.jpg 950w, https:\/\/djimavic.fi\/wp-content\/uploads\/2023\/06\/Myllykallio-4-278x300.jpg 278w, https:\/\/djimavic.fi\/wp-content\/uploads\/2023\/06\/Myllykallio-4-768x828.jpg 768w, https:\/\/djimavic.fi\/wp-content\/uploads\/2023\/06\/Myllykallio-4.jpg 1200w\" sizes=\"auto, (max-width: 950px) 100vw, 950px\" \/><\/figure>\n\n\n\n<p><\/p>\n\n\n\n<figure class=\"wp-block-image size-large\"><img loading=\"lazy\" decoding=\"async\" width=\"1024\" height=\"577\" src=\"https:\/\/djimavic.fi\/wp-content\/uploads\/2023\/06\/Myllykallio-3-1024x577.jpg\" alt=\"\" class=\"wp-image-1038\" srcset=\"https:\/\/djimavic.fi\/wp-content\/uploads\/2023\/06\/Myllykallio-3-1024x577.jpg 1024w, https:\/\/djimavic.fi\/wp-content\/uploads\/2023\/06\/Myllykallio-3-300x169.jpg 300w, https:\/\/djimavic.fi\/wp-content\/uploads\/2023\/06\/Myllykallio-3-768x433.jpg 768w, https:\/\/djimavic.fi\/wp-content\/uploads\/2023\/06\/Myllykallio-3-421x237.jpg 421w, https:\/\/djimavic.fi\/wp-content\/uploads\/2023\/06\/Myllykallio-3.jpg 1200w\" sizes=\"auto, (max-width: 1024px) 100vw, 1024px\" \/><\/figure>\n\n\n\n<p><\/p>\n\n\n\n<figure class=\"wp-block-image size-large\"><img loading=\"lazy\" decoding=\"async\" width=\"1024\" height=\"577\" src=\"https:\/\/djimavic.fi\/wp-content\/uploads\/2023\/06\/Myllykallio-2-1024x577.jpg\" alt=\"\" class=\"wp-image-1039\" srcset=\"https:\/\/djimavic.fi\/wp-content\/uploads\/2023\/06\/Myllykallio-2-1024x577.jpg 1024w, https:\/\/djimavic.fi\/wp-content\/uploads\/2023\/06\/Myllykallio-2-300x169.jpg 300w, https:\/\/djimavic.fi\/wp-content\/uploads\/2023\/06\/Myllykallio-2-768x433.jpg 768w, https:\/\/djimavic.fi\/wp-content\/uploads\/2023\/06\/Myllykallio-2-421x237.jpg 421w, https:\/\/djimavic.fi\/wp-content\/uploads\/2023\/06\/Myllykallio-2.jpg 1200w\" sizes=\"auto, (max-width: 1024px) 100vw, 1024px\" \/><\/figure>\n\n\n\n<p><\/p>\n\n\n\n<iframe loading=\"lazy\" src=\"https:\/\/vk.com\/video_ext.php?oid=836175557&#038;id=456239071&#038;hd=2\" width=\"853\" height=\"480\" allow=\"autoplay; encrypted-media; fullscreen; picture-in-picture; screen-wake-lock;\" frameborder=\"0\" allowfullscreen><\/iframe>\n\n\n\n<p>Toinen alueella olevista bunkkereista, josta johtaa yl\u00f6s Myllykalliolle kallioon louhittu vallihauta.<\/p>\n\n\n\n<figure class=\"wp-block-image size-full\"><img loading=\"lazy\" decoding=\"async\" width=\"80\" height=\"109\" src=\"https:\/\/djimavic.fi\/wp-content\/uploads\/2022\/02\/Kortit.jpg\" alt=\"\" class=\"wp-image-423\"\/><\/figure>\n\n\n\n<p><\/p>\n\n\n\n<p>YT<\/p>\n\n\n\n<p>Ari Savolainen<\/p>\n","protected":false},"excerpt":{"rendered":"<p>Fillarilenkill\u00e4 Espoon Lepp\u00e4vaarassa tutkailemassa Myllykallion linnoitteita, vallihautoja ja bunkkereita joita alueella on runsaasti Osa Myllykallion alueen sotien aikaisista linnoitteista on j\u00e4\u00e4nyt jo aluskasvillisuuden alle, osa &hellip;<\/p>\n","protected":false},"author":1,"featured_media":0,"comment_status":"closed","ping_status":"closed","sticky":false,"template":"","format":"standard","meta":{"footnotes":""},"categories":[1],"tags":[],"class_list":["post-1035","post","type-post","status-publish","format-standard","hentry","category-mavic"],"_links":{"self":[{"href":"https:\/\/djimavic.fi\/index.php\/wp-json\/wp\/v2\/posts\/1035","targetHints":{"allow":["GET"]}}],"collection":[{"href":"https:\/\/djimavic.fi\/index.php\/wp-json\/wp\/v2\/posts"}],"about":[{"href":"https:\/\/djimavic.fi\/index.php\/wp-json\/wp\/v2\/types\/post"}],"author":[{"embeddable":true,"href":"https:\/\/djimavic.fi\/index.php\/wp-json\/wp\/v2\/users\/1"}],"replies":[{"embeddable":true,"href":"https:\/\/djimavic.fi\/index.php\/wp-json\/wp\/v2\/comments?post=1035"}],"version-history":[{"count":2,"href":"https:\/\/djimavic.fi\/index.php\/wp-json\/wp\/v2\/posts\/1035\/revisions"}],"predecessor-version":[{"id":1503,"href":"https:\/\/djimavic.fi\/index.php\/wp-json\/wp\/v2\/posts\/1035\/revisions\/1503"}],"wp:attachment":[{"href":"https:\/\/djimavic.fi\/index.php\/wp-json\/wp\/v2\/media?parent=1035"}],"wp:term":[{"taxonomy":"category","embeddable":true,"href":"https:\/\/djimavic.fi\/index.php\/wp-json\/wp\/v2\/categories?post=1035"},{"taxonomy":"post_tag","embeddable":true,"href":"https:\/\/djimavic.fi\/index.php\/wp-json\/wp\/v2\/tags?post=1035"}],"curies":[{"name":"wp","href":"https:\/\/api.w.org\/{rel}","templated":true}]}}